{"id":1221517,"date":"2021-02-19T23:01:16","date_gmt":"2021-02-20T05:01:16","guid":{"rendered":"https:\/\/www.acapulcopress.com\/?p=1221517"},"modified":"2021-02-19T23:01:16","modified_gmt":"2021-02-20T05:01:16","slug":"trabajadores-de-salud-de-contrato-recibiran-pago-y-seran-recontratados","status":"publish","type":"post","link":"https:\/\/www.acapulcopress.com\/index.php\/2021\/02\/19\/trabajadores-de-salud-de-contrato-recibiran-pago-y-seran-recontratados\/","title":{"rendered":"Trabajadores de Salud de contrato recibir\u00e1n pago y ser\u00e1n recontratados"},"content":{"rendered":"<p style=\"text-align: justify;\">CHILPANCINGO. * 19 de febrero de 2021.<br \/>\n<em>] Gobierno de Guerrero.<\/em><\/p>\n<p style=\"text-align: justify;\">Por gestiones del gobernador H\u00e9ctor Astudillo Flores ante la federaci\u00f3n, trabajadores de contrato de la Secretar\u00eda de Salud que estaban integrados al desaparecido Seguro Popular, ser\u00e1n recontratados a partir del primero de marzo.<\/p>\n<p style=\"text-align: justify;\">En una reuni\u00f3n con los representantes de estos trabajadores, Astudillo Flores reconoci\u00f3 la sensibilidad del gobierno de la Rep\u00fablica para que a trav\u00e9s del Instituto de Salud para el Bienestar (Insabi) se destinen estos importantes recursos.<\/p>\n<p style=\"text-align: justify;\">Son 284 trabajadores del anexo IV en \u00e1reas operativas como salud materna, salud perinatal, salud reproductiva, salud mental, adicciones, 599 trabajadores de vacunaci\u00f3n, 567 de vectores, con una inversi\u00f3n para salarios y aguinaldos de m\u00e1s de 126 millones de pesos.<\/p>\n<p style=\"text-align: justify;\">El secretario de Salud, Carlos de la Pe\u00f1a Pintos inform\u00f3 que los contratos ya est\u00e1n listos para ser firmados.<\/p>\n<p style=\"text-align: justify;\">Los trabajadores agradecieron al gobernador H\u00e9ctor Astudillo por esta importante gesti\u00f3n que les garantiza un pago seguro ante la situaci\u00f3n econ\u00f3mica que se vive debido a la pandemia por el Covid-19.<\/p>\n","protected":false},"excerpt":{"rendered":"<p>CHILPANCINGO. * 19 de febrero de 2021. ] Gobierno de Guerrero. Por gestiones del gobernador H\u00e9ctor Astudillo Flores ante la federaci\u00f3n, trabajadores de contrato de la Secretar\u00eda de Salud que estaban integrados al desaparecido Seguro Popular, ser\u00e1n recontratados a partir del primero de marzo. En una reuni\u00f3n con los representantes de estos trabajadores, Astudillo Flores&#8230;<\/p>\n","protected":false},"author":2,"featured_media":1221518,"comment_status":"closed","ping_status":"closed","sticky":false,"template":"","format":"standard","meta":{"footnotes":""},"categories":[1969],"tags":[9705,10220,16251],"class_list":["post-1221517","post","type-post","status-publish","format-standard","has-post-thumbnail","hentry","category-trending","tag-hector-astudillo-flores","tag-instituto-de-salud-para-el-bienestar-insabi","tag-secretaria-de-salud-guerrero"],"_links":{"self":[{"href":"https:\/\/www.acapulcopress.com\/index.php\/wp-json\/wp\/v2\/posts\/1221517","targetHints":{"allow":["GET"]}}],"collection":[{"href":"https:\/\/www.acapulcopress.com\/index.php\/wp-json\/wp\/v2\/posts"}],"about":[{"href":"https:\/\/www.acapulcopress.com\/index.php\/wp-json\/wp\/v2\/types\/post"}],"author":[{"embeddable":true,"href":"https:\/\/www.acapulcopress.com\/index.php\/wp-json\/wp\/v2\/users\/2"}],"replies":[{"embeddable":true,"href":"https:\/\/www.acapulcopress.com\/index.php\/wp-json\/wp\/v2\/comments?post=1221517"}],"version-history":[{"count":0,"href":"https:\/\/www.acapulcopress.com\/index.php\/wp-json\/wp\/v2\/posts\/1221517\/revisions"}],"wp:featuredmedia":[{"embeddable":true,"href":"https:\/\/www.acapulcopress.com\/index.php\/wp-json\/"}],"wp:attachment":[{"href":"https:\/\/www.acapulcopress.com\/index.php\/wp-json\/wp\/v2\/media?parent=1221517"}],"wp:term":[{"taxonomy":"category","embeddable":true,"href":"https:\/\/www.acapulcopress.com\/index.php\/wp-json\/wp\/v2\/categories?post=1221517"},{"taxonomy":"post_tag","embeddable":true,"href":"https:\/\/www.acapulcopress.com\/index.php\/wp-json\/wp\/v2\/tags?post=1221517"}],"curies":[{"name":"wp","href":"https:\/\/api.w.org\/{rel}","templated":true}]}}