{"id":1221523,"date":"2021-02-19T23:13:56","date_gmt":"2021-02-20T05:13:56","guid":{"rendered":"https:\/\/www.acapulcopress.com\/?p=1221523"},"modified":"2021-02-19T23:13:56","modified_gmt":"2021-02-20T05:13:56","slug":"el-internado-las-cumbres-misterio-y-terror-en-la-nueva-serie-de-amazon","status":"publish","type":"post","link":"https:\/\/www.acapulcopress.com\/index.php\/2021\/02\/19\/el-internado-las-cumbres-misterio-y-terror-en-la-nueva-serie-de-amazon\/","title":{"rendered":"\u00abEl internado: Las Cumbres\u00bb | Misterio y terror en la nueva serie de Amazon"},"content":{"rendered":"<p style=\"text-align: justify;\">AMAZON PRIME. * 19 de febrero de 2021.<br \/>\n<em>] <a href=\"https:\/\/www.telam.com.ar\/notas\/202102\/545072-amazon-estreno-serie-espana.html\" target=\"_blank\" rel=\"noopener\">T\u00e9lam<\/a>.<\/em><\/p>\n<p style=\"text-align: justify;\">El internado: Las Cumbres\u00bb, serie espa\u00f1ola de thriller y terror que sigue a un grupo de j\u00f3venes pupilos en un antiguo e inaccesible monasterio situado entre monta\u00f1as en el que suceden eventos inexplicables, est\u00e1 ya disponible en la plataforma de Amazon Prime Video.<\/p>\n<p style=\"text-align: justify;\">La propuesta es un relanzamiento de la serie \u00abEl internado: Laguna negra\u00bb, que con 71 episodios en siete temporadas entre 2007 y 2010 se convirti\u00f3 en un fen\u00f3meno de culto no solo en Espa\u00f1a sino en numerosos mercados de Europa y Am\u00e9rica.<\/p>\n<p style=\"text-align: justify;\">Inspirada por los escenarios mon\u00e1sticos de \u00abEl nombre de la rosa\u00bb de Umberto Eco, o los misterios fant\u00e1sticos del castillo de Hogwarts en la saga de \u00abHarry Potter\u00bb, \u00abLas Cumbres\u00bb espera conquistar a una nueva legi\u00f3n de j\u00f3venes espectadores y, por qu\u00e9 no, a los fans de la serie original.<\/p>\n<p style=\"text-align: justify;\">Producida po<em>r The Mediapro Studio<\/em> y <em>Atresmedia Studios<\/em>, la serie fue desarrollada por Laura Belloso y Asier Andueza, quienes optaron por apostar por j\u00f3venes talentos en los roles principales: la dupla protagonista est\u00e1 conformada por los catalanes Asia Ortega (como Amaia) y Albert Salazar (Paul).<\/p>\n<p style=\"text-align: justify;\">\u00abCuando me llamaron para el casting no se sab\u00eda para qu\u00e9 era. Era bastante secreto todo y cuando me enter\u00e9 que era para \u2018El internado: Las Cumbres\u2019 en la segunda prueba, alucin\u00e9. \u2018Laguna Negra\u2019 tuvo mucho furor aqu\u00ed en Espa\u00f1a y cuando me enter\u00e9 de este &#8216;reboot&#8217; fue incre\u00edble\u00bb, relat\u00f3 Salazar en una conversaci\u00f3n virtual con T\u00e9lam, acompa\u00f1ado de su partenaire en la ficci\u00f3n.<\/p>\n<p style=\"text-align: justify;\">En la serie encarnan a un par de adolescentes que, como todos los dem\u00e1s en el internado, son considerados problem\u00e1ticos y rebeldes; all\u00ed vivir\u00e1n bajo la estricta disciplina que impone la direcci\u00f3n con el supuesto objetivo de reinsertarlos en la sociedad.<\/p>\n<p style=\"text-align: justify;\">Sin embargo, las leyendas que alberga el bosque circundante en relaci\u00f3n a una oscura logia con varios cr\u00edmenes en su haber y la desaparici\u00f3n de un compa\u00f1ero llevar\u00e1 a los alumnos a poner en riesgo su seguridad para investigar lo que se les esconde.<\/p>\n<p style=\"text-align: justify;\">Adem\u00e1s del elenco juvenil, los ocho episodios de la primera temporada tienen tambi\u00e9n a un reparto adulto en el que destacan los argentinos Ramiro Blas (de una ya dilatada carrera en Espa\u00f1a, con \u201cVis a vis\u201d como t\u00edtulo m\u00e1s destacado) y Lucas Velasco (\u201cGraduados\u201d, \u201cEducando a Nina\u201d).<\/p>\n<p style=\"text-align: justify;\"><img loading=\"lazy\" decoding=\"async\" class=\"alignnone wp-image-1221525 size-large\" src=\"https:\/\/www.acapulco.press\/wp-content\/uploads\/2021\/02\/INTERNADO2-840x473.jpg\" alt=\"\" width=\"840\" height=\"473\" \/><\/p>\n<p style=\"text-align: justify;\"><strong>\u00bfCu\u00e1l creen que es el mayor atractivo de este \u2018reboot\u2019 de \u00abEl internado\u00bb?<br \/>\n<\/strong><br \/>\n&#8211; Asia Ortega: M\u00e1s que nada es una serie potente porque trata temas muy universales. Tanto el amor, como la amistad, como la lucha por la libertad que los personajes tienen, que seguro todo el p\u00fablico ha sentido alguna vez en la vida, y adem\u00e1s est\u00e1 muy trabajada t\u00e9cnicamente. La fotograf\u00eda est\u00e1 muy cuidada, las localizaciones son una maravilla y forman parte del elenco como si fueran un personaje m\u00e1s.<\/p>\n<p style=\"text-align: justify;\"><strong>\u00bfC\u00f3mo describir\u00edan a sus personajes?<br \/>\n<\/strong><br \/>\n&#8211; AO: Cada uno de los personajes que aparecen, porque es una serie muy coral, son personajes muy trabajados, con muchas capas, muy redondos; creo que uno se puede sentir identificado y en mi caso Amaia tiene una fuerza magn\u00e9tica y espero y deseo que se enganchen como yo. Espero que les pase con todos los personajes porque cada uno es una perlita.<\/p>\n<p style=\"text-align: justify;\">&#8211; Albert Salazar: Ella es la garra y la impulsividad y Paul es todo lo contrario: la persona fr\u00eda, calculadora, que tiene que pensar todo. Creo que esa es una de las cosas buenas de la serie: c\u00f3mo los personajes totalmente opuestos dejan sus diferencias aparte para luchar por un objetivo com\u00fan, que es encontrar a su amigo.<\/p>\n<p style=\"text-align: justify;\"><strong>\u00a0\u00bfCu\u00e1l es el mayor desaf\u00edo al participar de una propuesta que juega con el terror, el suspenso?<br \/>\n<\/strong><br \/>\n&#8211; AS: Uno de los desaf\u00edos ha sido que en la serie est\u00e1n pasando muchas cosas que es muy dif\u00edcil que te hayan pasado, cosas tan \u2018heavies\u2019 que no sabes qu\u00e9 grado de dolor te pueden producir. Te lo puedes imaginar pero nunca lo vas a saber con exactitud, entonces c\u00f3mo marcar cu\u00e1nto miedo nos da, eso ha sido un reto.<\/p>\n<p style=\"text-align: justify;\">&#8211; AO: Sobre todo son personajes que sienten con mucha intensidad todo lo que les pasa, adem\u00e1s de que les pasan cosas muy bestias y ese ha sido un componente a tener en cuenta porque hay ese miedo de perder la interpretaci\u00f3n correcta porque se meten escenas de acci\u00f3n.<\/p>\n<p style=\"text-align: justify;\"><strong>\u00a0\u00bfCon qu\u00e9 tem\u00e1ticas universales de la juventud creen que se va a interesar el p\u00fablico?<br \/>\n<\/strong><br \/>\n&#8211; AO: En primer lugar el p\u00fablico va a engancharse con el sentimiento de af\u00e1n de escapar de la represi\u00f3n, de buscar la libertad. Adem\u00e1s de tratar temas super universales como el amor, los tri\u00e1ngulos amorosos, con lo que todos nos hemos podido sentir identificados; el amor fraternal, la lucha por un objetivo com\u00fan y adem\u00e1s el compa\u00f1erismo.<\/p>\n<p style=\"text-align: justify;\">&#8211; AS: Y las ganas de sentir que perteneces a algo. Es un sentimiento que todos tenemos y cuando eres adolescente a\u00fan m\u00e1s.<\/p>\n<p style=\"text-align: justify;\"><strong>En un contexto de tanta oferta audiovisual, \u00bfcu\u00e1l creen que es el secreto para sobresalir?<br \/>\n<\/strong><br \/>\n&#8211; AO: Aparte de la empat\u00eda que se genera con tratar tem\u00e1ticas universales, es crear un sello \u00fanico y yo creo que \u00abEl internado: Las Cumbres\u00bb lo tiene, porque con cualquier escena que puedas ver con la serie separada de todo lo otro puedes identificar enseguida qu\u00e9 es lo que est\u00e1s viendo: que es \u00abEl internado: Las cumbres\u00bb y que el trabajo se hace desde la verdad.<\/p>\n<p><iframe loading=\"lazy\" title=\"El Internado: Las Cumbres - Tr\u00e1iler Oficial  | Prime Video Espa\u00f1a\" width=\"1160\" height=\"653\" src=\"https:\/\/www.youtube.com\/embed\/L935nN6OxIs?feature=oembed\" frameborder=\"0\" allow=\"accelerometer; autoplay; clipboard-write; encrypted-media; gyroscope; picture-in-picture; web-share\" referrerpolicy=\"strict-origin-when-cross-origin\" allowfullscreen><\/iframe><\/p>\n","protected":false},"excerpt":{"rendered":"<p>AMAZON PRIME. * 19 de febrero de 2021. ] T\u00e9lam. El internado: Las Cumbres\u00bb, serie espa\u00f1ola de thriller y terror que sigue a un grupo de j\u00f3venes pupilos en un antiguo e inaccesible monasterio situado entre monta\u00f1as en el que suceden eventos inexplicables, est\u00e1 ya disponible en la plataforma de Amazon Prime Video. La propuesta&#8230;<\/p>\n","protected":false},"author":2,"featured_media":1221524,"comment_status":"closed","ping_status":"closed","sticky":false,"template":"","format":"video","meta":{"footnotes":""},"categories":[18563,1988],"tags":[2193,2196,3755,4250,4385,11702,17136],"class_list":["post-1221523","post","type-post","status-publish","format-video","has-post-thumbnail","hentry","category-entretenimiento","category-lifestyles","tag-el-internado-las-cumbres","tag-el-nombre-de-la-rosa","tag-amazon-prime","tag-asier-andueza","tag-atresmedia-studios","tag-laura-belloso","tag-the-mediapro-studio","post_format-post-format-video"],"_links":{"self":[{"href":"https:\/\/www.acapulcopress.com\/index.php\/wp-json\/wp\/v2\/posts\/1221523","targetHints":{"allow":["GET"]}}],"collection":[{"href":"https:\/\/www.acapulcopress.com\/index.php\/wp-json\/wp\/v2\/posts"}],"about":[{"href":"https:\/\/www.acapulcopress.com\/index.php\/wp-json\/wp\/v2\/types\/post"}],"author":[{"embeddable":true,"href":"https:\/\/www.acapulcopress.com\/index.php\/wp-json\/wp\/v2\/users\/2"}],"replies":[{"embeddable":true,"href":"https:\/\/www.acapulcopress.com\/index.php\/wp-json\/wp\/v2\/comments?post=1221523"}],"version-history":[{"count":0,"href":"https:\/\/www.acapulcopress.com\/index.php\/wp-json\/wp\/v2\/posts\/1221523\/revisions"}],"wp:featuredmedia":[{"embeddable":true,"href":"https:\/\/www.acapulcopress.com\/index.php\/wp-json\/"}],"wp:attachment":[{"href":"https:\/\/www.acapulcopress.com\/index.php\/wp-json\/wp\/v2\/media?parent=1221523"}],"wp:term":[{"taxonomy":"category","embeddable":true,"href":"https:\/\/www.acapulcopress.com\/index.php\/wp-json\/wp\/v2\/categories?post=1221523"},{"taxonomy":"post_tag","embeddable":true,"href":"https:\/\/www.acapulcopress.com\/index.php\/wp-json\/wp\/v2\/tags?post=1221523"}],"curies":[{"name":"wp","href":"https:\/\/api.w.org\/{rel}","templated":true}]}}