{"id":1221532,"date":"2021-02-21T13:11:32","date_gmt":"2021-02-21T19:11:32","guid":{"rendered":"https:\/\/www.acapulcopress.com\/?p=1221532"},"modified":"2021-02-21T13:11:32","modified_gmt":"2021-02-21T19:11:32","slug":"yair-garcia-en-marcha-firme-para-la-construccion-del-plan-de-accion-ciudadana","status":"publish","type":"post","link":"https:\/\/www.acapulcopress.com\/index.php\/2021\/02\/21\/yair-garcia-en-marcha-firme-para-la-construccion-del-plan-de-accion-ciudadana\/","title":{"rendered":"Ya\u00edr Garc\u00eda en marcha firme para la construcci\u00f3n del Plan de Acci\u00f3n Ciudadana"},"content":{"rendered":"<p style=\"text-align: justify;\">ACAPULCO. * 21 de febrero de 2021.<br \/>\n<em>] Ciudadano de Tiempo Completo.<\/em><\/p>\n<p style=\"text-align: justify;\">El Ciudadano de Tiempo Completo, Yair Garc\u00eda Delgado, contin\u00faa sus recorridos en el distrito 4 para construir el <img loading=\"lazy\" decoding=\"async\" class=\"alignleft size-medium wp-image-1221540\" src=\"https:\/\/www.acapulco.press\/wp-content\/uploads\/2021\/02\/YAIR-BARRIOS10-375x281.jpg\" alt=\"\" width=\"375\" height=\"281\" \/>Plan de Acci\u00f3n Ciudadana 1ue busca integrar todas las propuestas e ideas de las y los ciudadanos que desean una comunidad en la que se viva mejor.<\/p>\n<p style=\"text-align: justify;\">En un recorrido que realiz\u00f3\u00a0 por la colonia Santa Cruz para comunicar a la ciudadan\u00eda la necesidad de involucrarse en las decisiones administrativas plante\u00f3 que se requieren ciudadanas y ciudadanos comprometidos que se involucren en los asuntos p\u00fablicos, pero que, adem\u00e1s, asuman un papel m\u00e1s protag\u00f3nico observando las acciones de los funcionarios.<\/p>\n<p>Por \u00faltimo, mencion\u00f3 que la respuesta para la inoperancia administrativa es la construcci\u00f3n de una contralor\u00eda ciudadana que sea \u00e1rbitro y fiscalice la acci\u00f3n gubernamental, subray\u00f3.<\/p>\n\n","protected":false},"excerpt":{"rendered":"<p>ACAPULCO. * 21 de febrero de 2021. ] Ciudadano de Tiempo Completo. El Ciudadano de Tiempo Completo, Yair Garc\u00eda Delgado, contin\u00faa sus recorridos en el distrito 4 para construir el Plan de Acci\u00f3n Ciudadana 1ue busca integrar todas las propuestas e ideas de las y los ciudadanos que desean una comunidad en la que se&#8230;<\/p>\n","protected":false},"author":2,"featured_media":1221539,"comment_status":"closed","ping_status":"closed","sticky":false,"template":"","format":"standard","meta":{"footnotes":""},"categories":[2024,18561],"tags":[6809,14605,18204],"class_list":["post-1221532","post","type-post","status-publish","format-standard","has-post-thumbnail","hentry","category-politica-activism","category-society-politics","tag-cuarta-transformacion","tag-plan-de-accion-ciudadana","tag-yair-garcia-delgado"],"_links":{"self":[{"href":"https:\/\/www.acapulcopress.com\/index.php\/wp-json\/wp\/v2\/posts\/1221532","targetHints":{"allow":["GET"]}}],"collection":[{"href":"https:\/\/www.acapulcopress.com\/index.php\/wp-json\/wp\/v2\/posts"}],"about":[{"href":"https:\/\/www.acapulcopress.com\/index.php\/wp-json\/wp\/v2\/types\/post"}],"author":[{"embeddable":true,"href":"https:\/\/www.acapulcopress.com\/index.php\/wp-json\/wp\/v2\/users\/2"}],"replies":[{"embeddable":true,"href":"https:\/\/www.acapulcopress.com\/index.php\/wp-json\/wp\/v2\/comments?post=1221532"}],"version-history":[{"count":0,"href":"https:\/\/www.acapulcopress.com\/index.php\/wp-json\/wp\/v2\/posts\/1221532\/revisions"}],"wp:featuredmedia":[{"embeddable":true,"href":"https:\/\/www.acapulcopress.com\/index.php\/wp-json\/"}],"wp:attachment":[{"href":"https:\/\/www.acapulcopress.com\/index.php\/wp-json\/wp\/v2\/media?parent=1221532"}],"wp:term":[{"taxonomy":"category","embeddable":true,"href":"https:\/\/www.acapulcopress.com\/index.php\/wp-json\/wp\/v2\/categories?post=1221532"},{"taxonomy":"post_tag","embeddable":true,"href":"https:\/\/www.acapulcopress.com\/index.php\/wp-json\/wp\/v2\/tags?post=1221532"}],"curies":[{"name":"wp","href":"https:\/\/api.w.org\/{rel}","templated":true}]}}