{"id":1221565,"date":"2021-02-22T22:02:43","date_gmt":"2021-02-23T04:02:43","guid":{"rendered":"https:\/\/www.acapulcopress.com\/?p=1221565"},"modified":"2021-02-22T22:02:43","modified_gmt":"2021-02-23T04:02:43","slug":"morena-quinta-columna-valdra-la-pena-arriesgar-tanto-por-una-propuesta-surgida-de-una-encuesta-no-demostrada","status":"publish","type":"post","link":"https:\/\/www.acapulcopress.com\/index.php\/2021\/02\/22\/morena-quinta-columna-valdra-la-pena-arriesgar-tanto-por-una-propuesta-surgida-de-una-encuesta-no-demostrada\/","title":{"rendered":"Morena | Quinta Columna: \u00bfValdr\u00e1 la pena arriesgar tanto por una propuesta surgida de una encuesta no demostrada?"},"content":{"rendered":"<p style=\"text-align: justify;\"><strong>] Alberto<a href=\"https:\/\/www.facebook.com\/profile.php?id=100009242909883\" target=\"_blank\" rel=\"noopener\"> L\u00f3pez<\/a> Rosas.<\/strong><\/p>\n<p style=\"text-align: justify;\">Se cuenta que en la estrategia para la ca\u00edda de Madrid, en la guerra civil espa\u00f1ola, se explicaba que se operar\u00eda con 5 columnas de ataque, una por los 4 puntos cardinales y una Quinta Columna, que ser\u00eda la de adentro de la ciudad, la de los civiles que no estaban identificados como milicia. Madrid cay\u00f3, bajo esa t\u00e1ctica.<\/p>\n<p style=\"text-align: justify;\">En MORENA se percibe ya la formaci\u00f3n de esa Quinta Columna.<\/p>\n<p style=\"text-align: justify;\">La demora en tomar una decisi\u00f3n en el destino del pre candidato Felix Salgado, ha permitido ver la existencia de quienes est\u00e1n dando lugar a estar en desventaja en esta guerra pol\u00edtico electoral.<\/p>\n<p style=\"text-align: justify;\">El desgaste ha llegado al presidente AMLO, y las dirigencias nacional y estatal del partido parecen que desean seguir prolongando ese desgaste derrotista complacientemente.<\/p>\n<p style=\"text-align: justify;\">El Presidente &#8211;que no reh\u00faye a ning\u00fan tema; es su naturaleza&#8211; ha definido claramente que, si es un problema pol\u00edtico, le incumbe a los guerrerenses, cierto. A dicho tambi\u00e9n que act\u00fae la Autoridad competente, cierto tambi\u00e9n.<\/p>\n<p style=\"text-align: justify;\">Sigui\u00f3 diciendo que condena la guerra sucia, por eso no puede asegurar nada; tambi\u00e9n es cierto, podr\u00eda darse esa posibilidad.<\/p>\n<p style=\"text-align: justify;\">En cada postura presidencial, hay un mensaje.<\/p>\n<p style=\"text-align: justify;\">La decisi\u00f3n pol\u00edtica est\u00e1 en manos del partido a trav\u00e9s de La CNHJ, a la fecha callada, en la renuncia voluntaria del precandidato registrado, para evitar seguir haciendo da\u00f1o y afrontar con decisi\u00f3n las graves acusaciones y que la Fiscal\u00eda de Guerrero dictamine la Carpeta de Investigaci\u00f3n pendiente, determinando si hay elementos, o no.<\/p>\n<p style=\"text-align: justify;\">La Quinta Columna ya est\u00e1 formada en todas las posiciones electorales de MORENA.<\/p>\n<p style=\"text-align: justify;\">La ca\u00edda de un objetivo militar o civil es debilitar por dentro sus estructuras, lo vemos en la especie; al Presidente lo pretenden cercar los de afuera y algunos por dentro; estos son m\u00e1s peligrosos.<\/p>\n<p style=\"text-align: justify;\">Guerrero nuevamente en el esc\u00e1ndalo nacional. Ahora no es la violencia, no son sus playas que se se\u00f1alan como contaminadas; ni siquiera su pobreza extrema, es la propuesta de un candidato, en un crucial momento de la vida del pa\u00eds y del estado. \u00bfValdr\u00e1 la pena arriesgar tanto por una propuesta, surgido de una encuesta no demostrada?<\/p>\n<p style=\"text-align: justify;\">Hablo como guerrerenses, puesto al lado de la sociedad, de las mujeres que se dicen agraviadas, por las que hablan y por las que callan.<\/p>\n<p style=\"text-align: justify;\">Ya la autoridad debe resolver para conocer la verdad, ante el misterioso silencio del imputado, que ha abstenido de ejercer una propia defensa.<\/p>\n<p style=\"text-align: justify;\">Ya el partido debe evitar m\u00e1s desgaste al presidente, ya debe disolver esa Quinta Columna, que puede lograr lo que la reacci\u00f3n organizada en tres a\u00f1os, no ha podido.<\/p>\n","protected":false},"excerpt":{"rendered":"<p>] Alberto L\u00f3pez Rosas. Se cuenta que en la estrategia para la ca\u00edda de Madrid, en la guerra civil espa\u00f1ola, se explicaba que se operar\u00eda con 5 columnas de ataque, una por los 4 puntos cardinales y una Quinta Columna, que ser\u00eda la de adentro de la ciudad, la de los civiles que no estaban&#8230;<\/p>\n","protected":false},"author":2,"featured_media":1221566,"comment_status":"closed","ping_status":"closed","sticky":false,"template":"","format":"standard","meta":{"footnotes":""},"categories":[2071,1991],"tags":[3465,11017,13297],"class_list":["post-1221565","post","type-post","status-publish","format-standard","has-post-thumbnail","hentry","category-opinion-analisis-columnas","category-libertad-de-expresion","tag-alberto-lopez-rosas","tag-jose-felix-salgado-macedonio","tag-morena"],"_links":{"self":[{"href":"https:\/\/www.acapulcopress.com\/index.php\/wp-json\/wp\/v2\/posts\/1221565","targetHints":{"allow":["GET"]}}],"collection":[{"href":"https:\/\/www.acapulcopress.com\/index.php\/wp-json\/wp\/v2\/posts"}],"about":[{"href":"https:\/\/www.acapulcopress.com\/index.php\/wp-json\/wp\/v2\/types\/post"}],"author":[{"embeddable":true,"href":"https:\/\/www.acapulcopress.com\/index.php\/wp-json\/wp\/v2\/users\/2"}],"replies":[{"embeddable":true,"href":"https:\/\/www.acapulcopress.com\/index.php\/wp-json\/wp\/v2\/comments?post=1221565"}],"version-history":[{"count":0,"href":"https:\/\/www.acapulcopress.com\/index.php\/wp-json\/wp\/v2\/posts\/1221565\/revisions"}],"wp:featuredmedia":[{"embeddable":true,"href":"https:\/\/www.acapulcopress.com\/index.php\/wp-json\/"}],"wp:attachment":[{"href":"https:\/\/www.acapulcopress.com\/index.php\/wp-json\/wp\/v2\/media?parent=1221565"}],"wp:term":[{"taxonomy":"category","embeddable":true,"href":"https:\/\/www.acapulcopress.com\/index.php\/wp-json\/wp\/v2\/categories?post=1221565"},{"taxonomy":"post_tag","embeddable":true,"href":"https:\/\/www.acapulcopress.com\/index.php\/wp-json\/wp\/v2\/tags?post=1221565"}],"curies":[{"name":"wp","href":"https:\/\/api.w.org\/{rel}","templated":true}]}}