{"id":1221573,"date":"2021-02-22T22:28:46","date_gmt":"2021-02-23T04:28:46","guid":{"rendered":"https:\/\/www.acapulcopress.com\/?p=1221573"},"modified":"2021-02-22T22:28:46","modified_gmt":"2021-02-23T04:28:46","slug":"mario-buscara-rescatar-instancias-infantiles","status":"publish","type":"post","link":"https:\/\/www.acapulcopress.com\/index.php\/2021\/02\/22\/mario-buscara-rescatar-instancias-infantiles\/","title":{"rendered":"Mario buscar\u00e1 rescatar estancias infantiles"},"content":{"rendered":"<p style=\"text-align: justify;\">CHILPANCINGO. * 22 de febrero de 2021.<br \/>\n] Especial .<\/p>\n<p style=\"text-align: justify;\">El virtual candidato del PRI-PRD a la gubernatura de Guerrero, Mario Moreno Arcos, se reuni\u00f3 este lunes con un grupo de usuarias y beneficiarias del Programa de Estancias Infantiles que dejaron de funcionar a ra\u00edz de la cancelaci\u00f3n del mismo, a quienes les reiter\u00f3 su convicci\u00f3n de defenderlas e impulsar acciones para restituir en lo posible este beneficio para\u00a0ni\u00f1as y ni\u00f1os, hijos de madres trabajadoras y padres solos.<\/p>\n<p>Destac\u00f3 que con la desaparici\u00f3n de este programa muchas estancias infantiles han dejado de operar, con el consecuente perjuicio contra muchos peque\u00f1os que dejaron de recibir los cuidados adecuados, poniendo en riesgo cientos de empleos, en particular los de madres trabajadoras.<\/p>\n<p>En ese sentido, Moreno Arcos se\u00f1al\u00f3 que buscar\u00e1 restituir varios de los programas sociales que hist\u00f3ricamente han incentivado el desarrollo y potencial individual y productivo, entre ellos el de las guarder\u00edas infantiles en apoyo a las madres solteras que deben trabajar para sostener a su familia.<\/p>\n<p>\u201cMi compromiso es claro e indeclinable: regresar las guarder\u00edas infantiles necesarias para madres y padres que trabajan y no pueden permitirse el lujo de pagar una instituci\u00f3n privada, requiriendo de un espacio donde sus hijos est\u00e9n atendidos y seguros mientras van a ganarse la vida\u201d, enfatiz\u00f3.<\/p>\n<p>Previo a esta reuni\u00f3n, el virtual candidato de la alianza PRI-PRD a la gubernatura de Guerrero, Mario Moreno Arcos, sostuvo un\u00a0\u00a0encuentro con integrantes de Fuerza Guerrerense, que aglutina a l\u00edderes de organizaciones campesinas y agr\u00edcolas de la entidad, a quienes coment\u00f3 que desde siempre ha reconocido en el campo una fuente productiva de vital importancia para Guerrero.<\/p>\n<p>\u201cComo diputado federal me toc\u00f3 participar para generar mayores recursos hacia el campo en programas como PESA\u201d. Por ello, asegur\u00f3, \u201cestoy plenamente consciente de lo que representa el campo para miles de familias que tienen derecho a mejorar su calidad de vida y reclaman con justicia mayores apoyos\u201d, afirm\u00f3.<\/p>\n<p>En ese sentido, pidi\u00f3 cada organizaci\u00f3n un planteamiento concreto sobre lo que consideren debe ser el eje transversal de la pol\u00edtica del campo en la pr\u00f3xima administraci\u00f3n estatal.<\/p>\n<p>Coment\u00f3, por ejemplo, que la zona de la Sierra de Guerrero tiene un enorme potencial en cuanto a la producci\u00f3n de aguacate, pero que tambi\u00e9n se pueden sumar otros frutos, como la manzana, pera y duraznos, a los cuales se les buscar\u00eda mercado nacional e internacional.<\/p>\n<p>Mario Moreno enfatiz\u00f3 su compromiso de impulsar un proyecto integral de pol\u00edticas p\u00fablicas orientadas a potenciar la producci\u00f3n primaria del estado, siendo \u00e9sta la m\u00e1s afectada por la pandemia del Covid-19.<\/p>\n<p>\u201cSoy un hombre que viene desde abajo. Mi padre fue campesino y tambi\u00e9n me toc\u00f3 sembrar. Conozco las circunstancias, la realidad y las carencias del campo guerrerense y por eso tengo la calidad moral y el compromiso para hablar sobre este tema\u201d, concluy\u00f3.<\/p>\n","protected":false},"excerpt":{"rendered":"<p>CHILPANCINGO. * 22 de febrero de 2021. ] Especial . El virtual candidato del PRI-PRD a la gubernatura de Guerrero, Mario Moreno Arcos, se reuni\u00f3 este lunes con un grupo de usuarias y beneficiarias del Programa de Estancias Infantiles que dejaron de funcionar a ra\u00edz de la cancelaci\u00f3n del mismo, a quienes les reiter\u00f3 su&#8230;<\/p>\n","protected":false},"author":2,"featured_media":1221574,"comment_status":"closed","ping_status":"closed","sticky":false,"template":"","format":"standard","meta":{"footnotes":""},"categories":[1997],"tags":[5943,12685],"class_list":["post-1221573","post","type-post","status-publish","format-standard","has-post-thumbnail","hentry","category-noticias-destacadas","tag-coalicion-pri-prd-guerrero-2021","tag-mario-moreno-arcos"],"_links":{"self":[{"href":"https:\/\/www.acapulcopress.com\/index.php\/wp-json\/wp\/v2\/posts\/1221573","targetHints":{"allow":["GET"]}}],"collection":[{"href":"https:\/\/www.acapulcopress.com\/index.php\/wp-json\/wp\/v2\/posts"}],"about":[{"href":"https:\/\/www.acapulcopress.com\/index.php\/wp-json\/wp\/v2\/types\/post"}],"author":[{"embeddable":true,"href":"https:\/\/www.acapulcopress.com\/index.php\/wp-json\/wp\/v2\/users\/2"}],"replies":[{"embeddable":true,"href":"https:\/\/www.acapulcopress.com\/index.php\/wp-json\/wp\/v2\/comments?post=1221573"}],"version-history":[{"count":0,"href":"https:\/\/www.acapulcopress.com\/index.php\/wp-json\/wp\/v2\/posts\/1221573\/revisions"}],"wp:featuredmedia":[{"embeddable":true,"href":"https:\/\/www.acapulcopress.com\/index.php\/wp-json\/"}],"wp:attachment":[{"href":"https:\/\/www.acapulcopress.com\/index.php\/wp-json\/wp\/v2\/media?parent=1221573"}],"wp:term":[{"taxonomy":"category","embeddable":true,"href":"https:\/\/www.acapulcopress.com\/index.php\/wp-json\/wp\/v2\/categories?post=1221573"},{"taxonomy":"post_tag","embeddable":true,"href":"https:\/\/www.acapulcopress.com\/index.php\/wp-json\/wp\/v2\/tags?post=1221573"}],"curies":[{"name":"wp","href":"https:\/\/api.w.org\/{rel}","templated":true}]}}