{"id":1221580,"date":"2021-02-22T23:05:23","date_gmt":"2021-02-23T05:05:23","guid":{"rendered":"https:\/\/www.acapulcopress.com\/?p=1221580"},"modified":"2021-02-22T23:05:23","modified_gmt":"2021-02-23T05:05:23","slug":"agente-de-fge-continuan-realizando-operativos-en-diversas-regiones-del-estado","status":"publish","type":"post","link":"https:\/\/www.acapulcopress.com\/index.php\/2021\/02\/22\/agente-de-fge-continuan-realizando-operativos-en-diversas-regiones-del-estado\/","title":{"rendered":"Agentes de FGE contin\u00faan realizando operativos en diversas regiones del Estado"},"content":{"rendered":"<p>CHILPANCINGO. * 22 de febrero de 2021.<br \/>\n<em>] <a href=\"https:\/\/fiscaliaguerrero.gob.mx.\" target=\"_blank\" rel=\"noopener\">https:\/\/fiscaliaguerrero.gob.mx.<\/a><\/em><\/p>\n<p style=\"text-align: justify;\">Por instrucci\u00f3n del Fiscal General del Estado, Jorge Zuriel de los Santos Barrila, Agentes Ministeriales contin\u00faan realizando operativos en coordinaci\u00f3n con elementos de la Secretar\u00eda de Seguridad P\u00fablica Estatal, Guardia Nacional y Sedena, los cuales se llevan a cabo en centros de abasto y avenidas principales en las siete regiones de la entidad, esto con el prop\u00f3sito de mantener la incidencia delictiva a la baja.<\/p>\n","protected":false},"excerpt":{"rendered":"<p>CHILPANCINGO. * 22 de febrero de 2021. ] https:\/\/fiscaliaguerrero.gob.mx. Por instrucci\u00f3n del Fiscal General del Estado, Jorge Zuriel de los Santos Barrila, Agentes Ministeriales contin\u00faan realizando operativos en coordinaci\u00f3n con elementos de la Secretar\u00eda de Seguridad P\u00fablica Estatal, Guardia Nacional y Sedena, los cuales se llevan a cabo en centros de abasto y avenidas principales&#8230;<\/p>\n","protected":false},"author":2,"featured_media":1221581,"comment_status":"closed","ping_status":"closed","sticky":false,"template":"","format":"standard","meta":{"footnotes":""},"categories":[18561,2005],"tags":[8682,10946,14737],"class_list":["post-1221580","post","type-post","status-publish","format-standard","has-post-thumbnail","hentry","category-society-politics","category-seguridad-y-justicia","tag-fiscalia-general-de-guerrero-fge","tag-jorge-zuriel-de-los-santos-barrila","tag-policia-ministerial-de-guerrero"],"_links":{"self":[{"href":"https:\/\/www.acapulcopress.com\/index.php\/wp-json\/wp\/v2\/posts\/1221580","targetHints":{"allow":["GET"]}}],"collection":[{"href":"https:\/\/www.acapulcopress.com\/index.php\/wp-json\/wp\/v2\/posts"}],"about":[{"href":"https:\/\/www.acapulcopress.com\/index.php\/wp-json\/wp\/v2\/types\/post"}],"author":[{"embeddable":true,"href":"https:\/\/www.acapulcopress.com\/index.php\/wp-json\/wp\/v2\/users\/2"}],"replies":[{"embeddable":true,"href":"https:\/\/www.acapulcopress.com\/index.php\/wp-json\/wp\/v2\/comments?post=1221580"}],"version-history":[{"count":0,"href":"https:\/\/www.acapulcopress.com\/index.php\/wp-json\/wp\/v2\/posts\/1221580\/revisions"}],"wp:featuredmedia":[{"embeddable":true,"href":"https:\/\/www.acapulcopress.com\/index.php\/wp-json\/"}],"wp:attachment":[{"href":"https:\/\/www.acapulcopress.com\/index.php\/wp-json\/wp\/v2\/media?parent=1221580"}],"wp:term":[{"taxonomy":"category","embeddable":true,"href":"https:\/\/www.acapulcopress.com\/index.php\/wp-json\/wp\/v2\/categories?post=1221580"},{"taxonomy":"post_tag","embeddable":true,"href":"https:\/\/www.acapulcopress.com\/index.php\/wp-json\/wp\/v2\/tags?post=1221580"}],"curies":[{"name":"wp","href":"https:\/\/api.w.org\/{rel}","templated":true}]}}