{"id":1221601,"date":"2021-02-23T00:00:14","date_gmt":"2021-02-23T06:00:14","guid":{"rendered":"https:\/\/www.acapulcopress.com\/?p=1221601"},"modified":"2021-02-23T00:00:14","modified_gmt":"2021-02-23T06:00:14","slug":"guerrero-acumula-34-mil-753-casos-positivos-de-covid19-y-3-mil-517-defunciones","status":"publish","type":"post","link":"https:\/\/www.acapulcopress.com\/index.php\/2021\/02\/23\/guerrero-acumula-34-mil-753-casos-positivos-de-covid19-y-3-mil-517-defunciones\/","title":{"rendered":"Guerrero acumula 34 mil 753 casos positivos de Covid19 y 3 mil 517 defunciones"},"content":{"rendered":"<p style=\"text-align: justify;\">CHILPANCINGO. * 22 de febrero de 2021.<br \/>\n<em>]\u00a0 Gobierno de Guerrero.<\/em><\/p>\n<p style=\"text-align: justify;\">Tras manifestar que es alentador que las cifras en cuanto a contagios y hospitalizaciones por Covid-19 vayan a la baja, funcionarios del gobierno del estado reiteraron su llamado a la corresponsabilidad de la poblaci\u00f3n en el acatamiento de las disposiciones sanitarias y a no confiarse en que la pandemia ya pas\u00f3. \u201cEl uso del cubrebocas sigue siendo obligatorio\u201d.<\/p>\n<p style=\"text-align: justify;\">En la transmisi\u00f3n n\u00famero 313, los secretarios de Salud, Carlos de la Pe\u00f1a Pintos; de Finanzas y Administraci\u00f3n, Tulio Samuel P\u00e9rez Calvo y la directora General de Comunicaci\u00f3n Social, Erika L\u00fchrs Cort\u00e9s dieron a conocer la actualizaci\u00f3n en cuanto al sem\u00e1foro epidemiol\u00f3gico y las acciones que se impulsan por instrucciones del gobernador H\u00e9ctor Astudillo Flores para hacer frente a la pandemia.<\/p>\n<p style=\"text-align: justify;\">En la presentaci\u00f3n de los datos t\u00e9cnicos, el secretario de Salud, Carlos de la Pe\u00f1a Pintos, indic\u00f3 que Guerrero acumula 34 mil 753 casos positivos y 3 mil 517 defunciones.<\/p>\n<p style=\"text-align: justify;\">En cuanto a los casos nuevos, el secretario precis\u00f3 que Guerrero registr\u00f3 47, lo que muestra una tendencia hacia la disminuci\u00f3n en comparaci\u00f3n con d\u00edas pasados.<\/p>\n<p style=\"text-align: justify;\">Refiri\u00f3 que los casos activos son 718 distribuidos principalmente en Acapulco, Chilpancingo, Zihuatanejo, Iguala de la Independencia, Taxco de Alarc\u00f3n, Tlapa de Con, Atoyac de \u00c1lvarez, Tlapehuala, Huitzuco de los Figueroa, as\u00ed como Tixtla, resaltando que se ha ido haciendo una b\u00fasqueda intencionada para atender con oportunidad la pandemia, lo que ha permitido disminuir paulatinamente las hospitalizaciones.<\/p>\n<p style=\"text-align: justify;\">Se\u00f1al\u00f3 que actualmente hay 261 pacientes hospitalizados, de estos, 60 intubados, representando una ocupaci\u00f3n general de camas del 36 por ciento, en tanto que el uso de ventiladores es del 25 por ciento.<\/p>\n<p style=\"text-align: justify;\">Respecto a las defunciones, agreg\u00f3 que en lo que va de febrero se registran 491 casos, con un promedio de 23.4 fallecimientos por d\u00eda.<\/p>\n<p style=\"text-align: justify;\">En su intervenci\u00f3n, el secretario de Finanzas y Administraci\u00f3n, Tulio Samuel P\u00e9rez Calvo inform\u00f3 que la actividad tur\u00edstica ha sido una de las m\u00e1s afectadas por la pandemia del Covid-19, por lo que el gobierno del estado impulsa el programa Punto Limpio, mediante el cual, empresarios del sector y prestadores de servicios tur\u00edsticos reciben una capacitaci\u00f3n en las medidas preventivas para ofertar servicios siguiendo todos los protocolos sanitarios.<\/p>\n<p style=\"text-align: justify;\">En ese sentido, inform\u00f3 que este jueves a partir de las 11 de la ma\u00f1ana se realizar\u00e1 una nueva capacitaci\u00f3n a trav\u00e9s de la p\u00e1gina dewww.guerreropuntolimpiocovid19.com para que los establecimientos sigan en la ruta de la reactivaci\u00f3n.<\/p>\n<p style=\"text-align: justify;\">En otro tema, apunt\u00f3 que Guerrero participar\u00e1 en la edici\u00f3n del Tianguis Tur\u00edstico digital, el cual se realizar\u00e1 el 23 y 24 de marzo para promover los destinos de Guerrero, con el prop\u00f3sito de ayudar en la reactivaci\u00f3n econ\u00f3mica.<\/p>\n<p style=\"text-align: justify;\">En tanto que la directora de Comunicaci\u00f3n Social, Erika L\u00fchrs Cort\u00e9s manifest\u00f3 que el inter\u00e9s es que Guerrero salga del color rojo del sem\u00e1foro epidemiol\u00f3gico, pero esto ser\u00e1 posible con la participaci\u00f3n de la poblaci\u00f3n en el respeto a las medidas sanitarias y no confiarse en que la pandemia ya termin\u00f3.<\/p>\n","protected":false},"excerpt":{"rendered":"<p>CHILPANCINGO. * 22 de febrero de 2021. ]\u00a0 Gobierno de Guerrero. Tras manifestar que es alentador que las cifras en cuanto a contagios y hospitalizaciones por Covid-19 vayan a la baja, funcionarios del gobierno del estado reiteraron su llamado a la corresponsabilidad de la poblaci\u00f3n en el acatamiento de las disposiciones sanitarias y a no&#8230;<\/p>\n","protected":false},"author":2,"featured_media":1221602,"comment_status":"closed","ping_status":"closed","sticky":false,"template":"","format":"standard","meta":{"footnotes":""},"categories":[18573,1983],"tags":[5185,8040,17430],"class_list":["post-1221601","post","type-post","status-publish","format-standard","has-post-thumbnail","hentry","category-goverment","category-guerrerogob","tag-carlos-de-la-pena-pintos","tag-erika-luhrs-cortes","tag-tulio-samuel-perez-calvo"],"_links":{"self":[{"href":"https:\/\/www.acapulcopress.com\/index.php\/wp-json\/wp\/v2\/posts\/1221601","targetHints":{"allow":["GET"]}}],"collection":[{"href":"https:\/\/www.acapulcopress.com\/index.php\/wp-json\/wp\/v2\/posts"}],"about":[{"href":"https:\/\/www.acapulcopress.com\/index.php\/wp-json\/wp\/v2\/types\/post"}],"author":[{"embeddable":true,"href":"https:\/\/www.acapulcopress.com\/index.php\/wp-json\/wp\/v2\/users\/2"}],"replies":[{"embeddable":true,"href":"https:\/\/www.acapulcopress.com\/index.php\/wp-json\/wp\/v2\/comments?post=1221601"}],"version-history":[{"count":0,"href":"https:\/\/www.acapulcopress.com\/index.php\/wp-json\/wp\/v2\/posts\/1221601\/revisions"}],"wp:featuredmedia":[{"embeddable":true,"href":"https:\/\/www.acapulcopress.com\/index.php\/wp-json\/"}],"wp:attachment":[{"href":"https:\/\/www.acapulcopress.com\/index.php\/wp-json\/wp\/v2\/media?parent=1221601"}],"wp:term":[{"taxonomy":"category","embeddable":true,"href":"https:\/\/www.acapulcopress.com\/index.php\/wp-json\/wp\/v2\/categories?post=1221601"},{"taxonomy":"post_tag","embeddable":true,"href":"https:\/\/www.acapulcopress.com\/index.php\/wp-json\/wp\/v2\/tags?post=1221601"}],"curies":[{"name":"wp","href":"https:\/\/api.w.org\/{rel}","templated":true}]}}