{"id":1221613,"date":"2021-02-23T00:24:50","date_gmt":"2021-02-23T06:24:50","guid":{"rendered":"https:\/\/www.acapulcopress.com\/?p=1221613"},"modified":"2021-02-23T00:24:50","modified_gmt":"2021-02-23T06:24:50","slug":"presidente-anuncia-plan-de-modernizacion-de-plantas-electricas-de-cfe","status":"publish","type":"post","link":"https:\/\/www.acapulcopress.com\/index.php\/2021\/02\/23\/presidente-anuncia-plan-de-modernizacion-de-plantas-electricas-de-cfe\/","title":{"rendered":"Presidente anuncia plan de modernizaci\u00f3n de plantas el\u00e9ctricas de CFE"},"content":{"rendered":"<p style=\"text-align: justify;\">CIUDAD DE M\u00c9XICO. * 22 de febrero de 2021.<br \/>\n<em>]\u00a0 Gobierno de M\u00e9xico.<\/em><\/p>\n<p style=\"text-align: justify;\">El presidente Andr\u00e9s Manuel L\u00f3pez Obrador anunci\u00f3 la creaci\u00f3n de un plan para modernizar las plantas de generaci\u00f3n de energ\u00eda el\u00e9ctrica con el objetivo de utilizar recursos limpios, cuidar la calidad del aire y abastecer a la poblaci\u00f3n.<\/p>\n<p style=\"text-align: justify;\"><img loading=\"lazy\" decoding=\"async\" class=\"alignleft size-medium wp-image-1221615\" src=\"https:\/\/www.acapulco.press\/wp-content\/uploads\/2021\/02\/CFE-375x281.jpg\" alt=\"\" width=\"375\" height=\"281\" \/>\u201cMuy pronto vamos a dar a conocer un plan de modernizaci\u00f3n de todas las hidroel\u00e9ctricas, vamos a cambiar turbinas para incrementar energ\u00eda de bajo costo y es la energ\u00eda m\u00e1s limpia que se tiene y contamos con toda la infraestructura\u201d, explic\u00f3.<\/p>\n<p style=\"text-align: justify;\">El presidente recalc\u00f3 que no se debe apostar a un solo tipo de combustible y procurar que este no contamine; afirm\u00f3 que es fundamental contar con distintas fuentes de generaci\u00f3n el\u00e9ctrica para cubrir las necesidades de la poblaci\u00f3n.<\/p>\n<p style=\"text-align: justify;\">A\u00f1adi\u00f3 que se tom\u00f3 la decisi\u00f3n de iniciar este a\u00f1o la construcci\u00f3n de una termoel\u00e9ctrica a base de gas natural que garantizar\u00e1 energ\u00eda suficiente en Baja California Sur y disminuir\u00e1 el uso de plantas antiguas que operan con combust\u00f3leo; el prop\u00f3sito es entregarla en 2024.<\/p>\n<p style=\"text-align: justify;\">Con este plan incrementar\u00e1 en 51 por ciento la capacidad de generaci\u00f3n de energ\u00eda, lo que significa una adici\u00f3n de 327 megawatts al sistema el\u00e9ctrico de Baja California Sur; se invertir\u00e1n 11 mil 373 millones de pesos y se ahorrar\u00e1n 7 mil 474 millones de pesos por el uso de gas natural, inform\u00f3 la Comisi\u00f3n Federal de Electricidad (CFE).<\/p>\n<p style=\"text-align: justify;\">En Baja California Sur, inform\u00f3 el presidente, CFE ha aumentado la generaci\u00f3n de energ\u00eda en 25 por ciento \u2014comparado con el a\u00f1o pasado\u2014 gracias a las seis plantas activas. Con este incremento se cubrir\u00e1 la creciente demanda en la entidad durante todo el sexenio.<\/p>\n<p style=\"text-align: justify;\">\u201cEra necesario aumentar la generaci\u00f3n de energ\u00eda el\u00e9ctrica, nos comprometimos a hacerlo y aqu\u00ed est\u00e1n los resultados\u201d, destac\u00f3.<\/p>\n<p style=\"text-align: justify;\">Durante el evento, el presidente devel\u00f3 la placa de inauguraci\u00f3n de las Unidades de Generaci\u00f3n Turbog\u00e1s Aeroderivadas con capacidad de 57 megawatts.<\/p>\n<p style=\"text-align: justify;\">Reconoci\u00f3 el trabajo de los t\u00e9cnicos de CFE para restablecer la suspensi\u00f3n que provocaron las nevadas en el sur de Estados Unidos.<\/p>\n<p style=\"text-align: justify;\">\u201cEl mejor ejemplo es lo que acaba de suceder con la crisis de abasto de gas con la situaci\u00f3n de emergencia que todav\u00eda se vive en Texas, \u00bfcu\u00e1nto tiempo nos llev\u00f3 a nosotros resolver el problema? Cinco d\u00edas, por el trabajo de obreros, de los t\u00e9cnicos de la Comisi\u00f3n Federal de Electricidad\u201d, recalc\u00f3.<\/p>\n<p style=\"text-align: justify;\">Acompa\u00f1aron al presidente el gobernador de Baja California Sur, Carlos Mendoza Davis; el director general de CFE, Manuel Bartlett D\u00edaz; el presidente municipal de La Paz, Rub\u00e9n Gregorio Mu\u00f1oz \u00c1lvarez y el coordinador regional del SUTERM en BCS, Juan Mart\u00edn Patr\u00f3n Carmona.<\/p>\n","protected":false},"excerpt":{"rendered":"<p>CIUDAD DE M\u00c9XICO. * 22 de febrero de 2021. ]\u00a0 Gobierno de M\u00e9xico. El presidente Andr\u00e9s Manuel L\u00f3pez Obrador anunci\u00f3 la creaci\u00f3n de un plan para modernizar las plantas de generaci\u00f3n de energ\u00eda el\u00e9ctrica con el objetivo de utilizar recursos limpios, cuidar la calidad del aire y abastecer a la poblaci\u00f3n. \u201cMuy pronto vamos a&#8230;<\/p>\n","protected":false},"author":2,"featured_media":1221614,"comment_status":"closed","ping_status":"closed","sticky":false,"template":"","format":"standard","meta":{"footnotes":""},"categories":[1969],"tags":[3893,6151],"class_list":["post-1221613","post","type-post","status-publish","format-standard","has-post-thumbnail","hentry","category-trending","tag-andres-manuel-lopez-a-obrador","tag-comision-federal-de-electricidad-cfe"],"_links":{"self":[{"href":"https:\/\/www.acapulcopress.com\/index.php\/wp-json\/wp\/v2\/posts\/1221613","targetHints":{"allow":["GET"]}}],"collection":[{"href":"https:\/\/www.acapulcopress.com\/index.php\/wp-json\/wp\/v2\/posts"}],"about":[{"href":"https:\/\/www.acapulcopress.com\/index.php\/wp-json\/wp\/v2\/types\/post"}],"author":[{"embeddable":true,"href":"https:\/\/www.acapulcopress.com\/index.php\/wp-json\/wp\/v2\/users\/2"}],"replies":[{"embeddable":true,"href":"https:\/\/www.acapulcopress.com\/index.php\/wp-json\/wp\/v2\/comments?post=1221613"}],"version-history":[{"count":0,"href":"https:\/\/www.acapulcopress.com\/index.php\/wp-json\/wp\/v2\/posts\/1221613\/revisions"}],"wp:featuredmedia":[{"embeddable":true,"href":"https:\/\/www.acapulcopress.com\/index.php\/wp-json\/"}],"wp:attachment":[{"href":"https:\/\/www.acapulcopress.com\/index.php\/wp-json\/wp\/v2\/media?parent=1221613"}],"wp:term":[{"taxonomy":"category","embeddable":true,"href":"https:\/\/www.acapulcopress.com\/index.php\/wp-json\/wp\/v2\/categories?post=1221613"},{"taxonomy":"post_tag","embeddable":true,"href":"https:\/\/www.acapulcopress.com\/index.php\/wp-json\/wp\/v2\/tags?post=1221613"}],"curies":[{"name":"wp","href":"https:\/\/api.w.org\/{rel}","templated":true}]}}