{"id":1221620,"date":"2021-02-23T21:06:58","date_gmt":"2021-02-24T03:06:58","guid":{"rendered":"https:\/\/www.acapulcopress.com\/?p=1221620"},"modified":"2021-02-23T21:06:58","modified_gmt":"2021-02-24T03:06:58","slug":"anuncia-yair-garcia-su-aspiracion-para-competir-por-la-diputacion-del-distrito-local-4","status":"publish","type":"post","link":"https:\/\/www.acapulcopress.com\/index.php\/2021\/02\/23\/anuncia-yair-garcia-su-aspiracion-para-competir-por-la-diputacion-del-distrito-local-4\/","title":{"rendered":"Anuncia Ya\u00edr Garc\u00eda su aspiraci\u00f3n para competir por la Diputaci\u00f3n del Distrito Local 4"},"content":{"rendered":"<p style=\"text-align: justify;\">ACAPULCO. * 23 de febrero de 2021.<br \/>\n<em>]\u00a0 Especial.<\/em><\/p>\n<p style=\"text-align: justify;\"><img loading=\"lazy\" decoding=\"async\" class=\"alignleft size-medium wp-image-1221624\" src=\"https:\/\/www.acapulco.press\/wp-content\/uploads\/2021\/02\/Y4IR-MORENA-5-375x284.jpg\" alt=\"\" width=\"375\" height=\"284\" \/>En Morena hay propuesta, hay congruencia, hay capacidad y, lo m\u00e1s importante, hay calidad moral para poderles representar, dijo Yair Garc\u00eda Delgado, el<em> Ciudadano de Tiempo Completo,<\/em> al anunciar su inter\u00e9s de participar en el proceso interno del partido Morena para obtener la candidatura a la diputaci\u00f3n local por el Cuarto Distrito.<\/p>\n<p style=\"text-align: justify;\">\u201cHe decidido participar en el proceso interno de selecci\u00f3n de candidatos para aspirar a la diputaci\u00f3n del Cuarto Distrito local. Nuestra decisi\u00f3n responde al contexto actual que vivimos, pero principalmente a la crisis pol\u00edtica, social, econ\u00f3mica, sanitaria que estamos viviendo\u201d, dijo.<\/p>\n<p style=\"text-align: justify;\">Adjunto a su registro, Yair Garc\u00eda entreg\u00f3, de manera <img loading=\"lazy\" decoding=\"async\" class=\"alignleft size-medium wp-image-1221622\" src=\"https:\/\/www.acapulco.press\/wp-content\/uploads\/2021\/02\/Y4IR-MORENA-3-375x335.jpg\" alt=\"\" width=\"375\" height=\"335\" \/>adicional, un Plan de Acci\u00f3n Legislativa, el cual concentra las inquietudes y propuestas de las y los ciudadanos de las colonias y barrios que visit\u00f3 durante su labor como <em>Ciudadano de Tiempo Completo<\/em>.<\/p>\n<p style=\"text-align: justify;\">Entre sus propuestas destaca los presupuestos participativos, en cuyo proyecto la gente decida en qu\u00e9 gastar los recursos, as\u00ed como la reorientaci\u00f3n del gasto p\u00fablico y la conversi\u00f3n de la cl\u00ednica de Hogar Moderno en un hospital.<\/p>\n<p style=\"text-align: justify;\">Garc\u00eda Delgado pidi\u00f3 el respaldo de la ciudadan\u00eda y a estar atentos a las encuestas para que contesten \u00abYair Garc\u00eda es la respuesta\u201d y as\u00ed poder dignificar la pol\u00edtica tradicional con eficiencia y eficacia, concluy\u00f3<\/p>\n","protected":false},"excerpt":{"rendered":"<p>ACAPULCO. * 23 de febrero de 2021. ]\u00a0 Especial. En Morena hay propuesta, hay congruencia, hay capacidad y, lo m\u00e1s importante, hay calidad moral para poderles representar, dijo Yair Garc\u00eda Delgado, el Ciudadano de Tiempo Completo, al anunciar su inter\u00e9s de participar en el proceso interno del partido Morena para obtener la candidatura a la&#8230;<\/p>\n","protected":false},"author":2,"featured_media":1221631,"comment_status":"closed","ping_status":"closed","sticky":false,"template":"","format":"standard","meta":{"footnotes":""},"categories":[2024,2053,1972,18561],"tags":[5826,13297,14607,18204],"class_list":["post-1221620","post","type-post","status-publish","format-standard","has-post-thumbnail","hentry","category-politica-activism","category-elecciones-special","category-special","category-society-politics","tag-ciudadano-de-tiempo-completo","tag-morena","tag-plan-de-accion-legislativa","tag-yair-garcia-delgado"],"_links":{"self":[{"href":"https:\/\/www.acapulcopress.com\/index.php\/wp-json\/wp\/v2\/posts\/1221620","targetHints":{"allow":["GET"]}}],"collection":[{"href":"https:\/\/www.acapulcopress.com\/index.php\/wp-json\/wp\/v2\/posts"}],"about":[{"href":"https:\/\/www.acapulcopress.com\/index.php\/wp-json\/wp\/v2\/types\/post"}],"author":[{"embeddable":true,"href":"https:\/\/www.acapulcopress.com\/index.php\/wp-json\/wp\/v2\/users\/2"}],"replies":[{"embeddable":true,"href":"https:\/\/www.acapulcopress.com\/index.php\/wp-json\/wp\/v2\/comments?post=1221620"}],"version-history":[{"count":0,"href":"https:\/\/www.acapulcopress.com\/index.php\/wp-json\/wp\/v2\/posts\/1221620\/revisions"}],"wp:featuredmedia":[{"embeddable":true,"href":"https:\/\/www.acapulcopress.com\/index.php\/wp-json\/"}],"wp:attachment":[{"href":"https:\/\/www.acapulcopress.com\/index.php\/wp-json\/wp\/v2\/media?parent=1221620"}],"wp:term":[{"taxonomy":"category","embeddable":true,"href":"https:\/\/www.acapulcopress.com\/index.php\/wp-json\/wp\/v2\/categories?post=1221620"},{"taxonomy":"post_tag","embeddable":true,"href":"https:\/\/www.acapulcopress.com\/index.php\/wp-json\/wp\/v2\/tags?post=1221620"}],"curies":[{"name":"wp","href":"https:\/\/api.w.org\/{rel}","templated":true}]}}