{"id":1221632,"date":"2021-02-23T21:29:12","date_gmt":"2021-02-24T03:29:12","guid":{"rendered":"https:\/\/www.acapulcopress.com\/?p=1221632"},"modified":"2021-02-23T21:29:12","modified_gmt":"2021-02-24T03:29:12","slug":"fiscalia-obtiene-80-anos-de-prision-contra-acusado-de-secuestro-agravado-cometido-en-ometepec","status":"publish","type":"post","link":"https:\/\/www.acapulcopress.com\/index.php\/2021\/02\/23\/fiscalia-obtiene-80-anos-de-prision-contra-acusado-de-secuestro-agravado-cometido-en-ometepec\/","title":{"rendered":"Fiscal\u00eda obtiene 80 a\u00f1os de prisi\u00f3n contra acusado de Secuestro Agravado cometido en Ometepec,"},"content":{"rendered":"<p style=\"text-align: justify;\">ACAPULCO. * 23 de febrero de 2021.<br \/>\n<em>]\u00a0 Especial.<\/em><\/p>\n<p style=\"text-align: justify;\">Debido a los agravantes cometidos, la Fiscal\u00eda General del Estado obtuvo del Juez la sentencia de 80 a\u00f1os de prisi\u00f3n en contra de Juli\u00e1n \u00abN\u00bb, como responsable del delito de Secuestro Agravado en la ciudad de Ometepec.<\/p>\n<p style=\"text-align: justify;\">El Ministerio P\u00fablico acredit\u00f3 el delito en contra de Juli\u00e1n \u00abN\u00bb, por hechos ocurridos en la carpeta de Juicio Oral JO-06\/2020 del 16 de junio de 2018, cuando la v\u00edctima fue privada de la libertad, trasladada a una casa de seguridad y exigieron un pago por su liberaci\u00f3n.<\/p>\n<p style=\"text-align: justify;\">De las investigaciones realizadas por Agentes de la Fiscal\u00eda Especializada Contra el Secuestro, se dio con la identidad del imputado y en audiencia de debate y juicio oral, se obtuvo por parte del Tribunal de Enjuiciamiento y Juicio Oral con sede en Ometepec, el fallo condenatorio de 80 a\u00f1os de prisi\u00f3n en contra de Juli\u00e1n \u00abN\u00bb por Secuestro Agravado, quien pagar\u00e1 una multa y por la reparaci\u00f3n del da\u00f1o a favor de las v\u00edctimas del delito, quedando interno en el Centro de Reinserci\u00f3n Social de Ometepec.<\/p>\n<p style=\"text-align: justify;\">La Fiscal\u00eda General del Estado, continuar\u00e1 su trabajo permanente en materia de investigaci\u00f3n y persecuci\u00f3n del delito de Secuestro en Guerrero, acciones que han permitido la disminuci\u00f3n significativa en este delito en la entidad.<\/p>\n","protected":false},"excerpt":{"rendered":"<p>ACAPULCO. * 23 de febrero de 2021. ]\u00a0 Especial. Debido a los agravantes cometidos, la Fiscal\u00eda General del Estado obtuvo del Juez la sentencia de 80 a\u00f1os de prisi\u00f3n en contra de Juli\u00e1n \u00abN\u00bb, como responsable del delito de Secuestro Agravado en la ciudad de Ometepec. El Ministerio P\u00fablico acredit\u00f3 el delito en contra de&#8230;<\/p>\n","protected":false},"author":2,"featured_media":1221633,"comment_status":"closed","ping_status":"closed","sticky":false,"template":"","format":"standard","meta":{"footnotes":""},"categories":[18561,2005],"tags":[8682,10946,14737,16342],"class_list":["post-1221632","post","type-post","status-publish","format-standard","has-post-thumbnail","hentry","category-society-politics","category-seguridad-y-justicia","tag-fiscalia-general-de-guerrero-fge","tag-jorge-zuriel-de-los-santos-barrila","tag-policia-ministerial-de-guerrero","tag-secuestro-agravado"],"_links":{"self":[{"href":"https:\/\/www.acapulcopress.com\/index.php\/wp-json\/wp\/v2\/posts\/1221632","targetHints":{"allow":["GET"]}}],"collection":[{"href":"https:\/\/www.acapulcopress.com\/index.php\/wp-json\/wp\/v2\/posts"}],"about":[{"href":"https:\/\/www.acapulcopress.com\/index.php\/wp-json\/wp\/v2\/types\/post"}],"author":[{"embeddable":true,"href":"https:\/\/www.acapulcopress.com\/index.php\/wp-json\/wp\/v2\/users\/2"}],"replies":[{"embeddable":true,"href":"https:\/\/www.acapulcopress.com\/index.php\/wp-json\/wp\/v2\/comments?post=1221632"}],"version-history":[{"count":0,"href":"https:\/\/www.acapulcopress.com\/index.php\/wp-json\/wp\/v2\/posts\/1221632\/revisions"}],"wp:featuredmedia":[{"embeddable":true,"href":"https:\/\/www.acapulcopress.com\/index.php\/wp-json\/"}],"wp:attachment":[{"href":"https:\/\/www.acapulcopress.com\/index.php\/wp-json\/wp\/v2\/media?parent=1221632"}],"wp:term":[{"taxonomy":"category","embeddable":true,"href":"https:\/\/www.acapulcopress.com\/index.php\/wp-json\/wp\/v2\/categories?post=1221632"},{"taxonomy":"post_tag","embeddable":true,"href":"https:\/\/www.acapulcopress.com\/index.php\/wp-json\/wp\/v2\/tags?post=1221632"}],"curies":[{"name":"wp","href":"https:\/\/api.w.org\/{rel}","templated":true}]}}