{"id":1221640,"date":"2021-02-23T09:59:53","date_gmt":"2021-02-23T15:59:53","guid":{"rendered":"https:\/\/www.acapulcopress.com\/?p=1221640"},"modified":"2021-02-23T09:59:53","modified_gmt":"2021-02-23T15:59:53","slug":"felix-hasta-aqui-llegaste","status":"publish","type":"post","link":"https:\/\/www.acapulcopress.com\/index.php\/2021\/02\/23\/felix-hasta-aqui-llegaste\/","title":{"rendered":"F\u00e9lix: \u00a1hasta aqu\u00ed llegaste!"},"content":{"rendered":"<p style=\"text-align: justify;\"><strong>\u00bb Mar\u00eda <a href=\"https:\/\/tiempodguerrero.com\/2021\/02\/23\/felix-hasta-aqui-llegaste-por-maria-elena-perez-jaen-zermeno\/\" target=\"_blank\" rel=\"noopener\">Elena P\u00e9rez-Ja\u00e9n<\/a> Zerme\u00f1o.<\/strong><br \/>\n<em>| Twitter:<a href=\"https:\/\/twitter.com\/MElenaPerezJaen\" target=\"_blank\" rel=\"noopener\"> @MElenaPerezJaen<\/a><\/em><br \/>\n] Consultora y ex Comisionada del IFAI.<\/p>\n<p style=\"text-align: justify;\">Conoc\u00ed a F\u00e9lix Salgado Macedonio el 22 de mayo de 2008.<\/p>\n<p style=\"text-align: justify;\">\u00c9l era Presidente Municipal de Acapulco, yo era Comisionada del Instituto de Transparencia del Distrito Federal. Amarga experiencia.<\/p>\n<p style=\"text-align: justify;\">Nos hab\u00edamos reunido una gran parte de los comisionados y consejeros integrantes de los institutos garantes de la transparencia y del acceso a la informaci\u00f3n con motivo de la VIII Asamblea Nacional Ordinaria de la Conferencia Mexicana para el Acceso a la Informaci\u00f3n P\u00fablica (Comaip), en el puerto de Acapulco.<\/p>\n<p style=\"text-align: justify;\">La anfitriona era la Comisi\u00f3n Estatal de Transparencia del Estado de Guerrero.<\/p>\n<p style=\"text-align: justify;\">Ese d\u00eda por la ma\u00f1ana, y en presencia de todas las autoridades estatales, el Alcalde Salgado Macedonio nos dio la bienvenida. Al terminar el evento de inauguraci\u00f3n, uno de los comisionados me lo present\u00f3: \u201cElla es del Instituto del Distrito Federal y fue la que tuvo el conflicto con L\u00f3pez Obrador por la transparencia\u201d.<\/p>\n<p style=\"text-align: justify;\">\u00c9l respondi\u00f3: \u201cMucho gusto. Esta noche nos vemos en la cena que les ofrecer\u00e9 en el Hotel Crowne Plaza. Les tengo una sorpresa\u201d.<\/p>\n<p style=\"text-align: justify;\">Ya estaba enterada de su err\u00e1tica conducta y, especialmente, nos advirtieron de su trato acosador hacia las mujeres, e incluso violento.<\/p>\n<p style=\"text-align: justify;\">C\u00f3mo olvidar el hecho bochornoso, el 2 de septiembre de 2000, siendo Diputado federal y agrediendo a polic\u00edas totalmente alcoholizado.<\/p>\n<p style=\"text-align: justify;\">Cuando finaliz\u00f3 la cena, empez\u00f3 un espect\u00e1culo de travestis y, en ese momento, apareci\u00f3 Salgado acompa\u00f1ado de un grupo de guardaespaldas.<\/p>\n<p style=\"text-align: justify;\">Lleg\u00f3 en estado inconveniente y se dirigi\u00f3 al lugar donde me encontraba con otros colegas.<\/p>\n<p style=\"text-align: justify;\">Una de las comisionadas se acerc\u00f3 a saludarlo y la prendi\u00f3 de la cintura atray\u00e9ndola de manera brusca hacia \u00e9l, d\u00e1ndole un beso.<\/p>\n<p style=\"text-align: justify;\">El resto nos pusimos en guardia. \u00c9l se dirigi\u00f3 hacia m\u00ed, pero dos colegas -el consejero de Chihuahua, Fernando Bencomo, y el de Morelos, Eleael Acevedo\u2013 le cerraron el paso y s\u00f3lo le extend\u00ed la mano.<\/p>\n<p style=\"text-align: justify;\">Un poco m\u00e1s tarde, se acerc\u00f3 un emisario de parte de Salgado invit\u00e1ndome a pasar a su mesa ya que quer\u00eda tomarse una copa y hablar conmigo. Denegu\u00e9, por supuesto, la invitaci\u00f3n.<\/p>\n<p style=\"text-align: justify;\">El mensajero insisti\u00f3 y el consejero Acevedo se enfrasc\u00f3 en una agria discusi\u00f3n con el proxeneta de Salgado. Decidimos abandonar el lugar. Era una manera segura de ponerle un \u201chasta aqu\u00ed\u201d.<\/p>\n<p style=\"text-align: justify;\">La vida p\u00fablica de Salgado ha estado marcada por los excesos y los esc\u00e1ndalos. Su conducta nunca ha sido mesurada. Sus resultados en Acapulco estuvieron manchados de sangre por un crimen organizado metido hasta la cocina.<\/p>\n<p style=\"text-align: justify;\">As\u00ed tambi\u00e9n, por sus intervenciones como legislador -Diputado y Senador- y en cargos p\u00fablicos podemos asegurar que solamente re\u00fane el 10 por ciento de capacidad y, suponiendo que tuviera el 90 por ciento de lealtad (hasta le compuso al Presidente la \u201cCumbia del Peje\u201d, por la que gan\u00f3 un disco de platino), a\u00fan eso no ser\u00eda suficiente para que el titular del Ejecutivo federal utilice el matinal p\u00falpito presidencial para defenderlo.<\/p>\n<p style=\"text-align: justify;\">Ya sabemos que el Presidente no se conmueve con nada, ni con los ni\u00f1os enfermos de c\u00e1ncer que dej\u00f3 sin medicinas, ni es emp\u00e1tico con los problemas de las mujeres a quienes les cancel\u00f3 el servicio de guarder\u00edas.<\/p>\n<p style=\"text-align: justify;\">\u00c9l solamente usa y enga\u00f1a a las personas, como lo ha acreditado con su conducta, por lo que deber\u00edamos exigirle que cumpla con supalabra.<\/p>\n<p style=\"text-align: justify;\">\u00c9sa que Andr\u00e9s Manuel L\u00f3pez Obrador les dio a las feministas en su campa\u00f1a de que \u201cjam\u00e1s solapar\u00eda a ped\u00f3filos, feminicidas y violadores. Que el suyo ser\u00eda un Gobierno para las mujeres o no ser\u00eda\u201d, tal y como se lo record\u00f3 hace unos d\u00edas Lydia Cacho en Twitter.<\/p>\n<p style=\"text-align: justify;\">Podr\u00edamos entender la postura del Presidente de no querer juzgar a priori a Salgado si vivi\u00e9ramos todos, como \u00e9l lo hace, en esa fantas\u00eda de pa\u00eds que denomina \u201cDinamarca\u201d. Sin embargo, nosotros vivimos en M\u00e9xico y nuestra realidad nos indica que la violencia contra las mujeres va en aumento.<\/p>\n<p style=\"text-align: justify;\">De acuerdo con lo declarado por Patricia Olamendi, abogada de la organizaci\u00f3n Nosotras Tenemos Otros Datos, en 2020 se aperturaron 600 carpetas de investigaci\u00f3n por el delito de violencia familiar, cada dos horas y media una mujer fue asesinada, violaron a dos mujeres cada hora.<\/p>\n<p style=\"text-align: justify;\">La violaci\u00f3n sexual, as\u00ed como el abuso sexual, son los delitos que menos se denuncian. Se tiene un promedio de s\u00f3lo ocho denuncias por cada 100 v\u00edctimas.<\/p>\n<p style=\"text-align: justify;\">Con estos datos, terriblemente duros, uno esperar\u00eda que el Presidente actuara con mano dura contra este flagelo que azota a M\u00e9xico y aplique las pol\u00edticas p\u00fablicas tendientes a proteger a las mujeres de la violencia.<\/p>\n<p style=\"text-align: justify;\">Pero, ante la ausencia de un estadista en nuestro pa\u00eds, no nos debe sorprender que el jefe mayor de la camarilla le ponga las botellas de cognac en la mesita de noche al depredador.<\/p>\n<p style=\"text-align: justify;\">Quiero hacer eco de aquellas miles de mujeres que se encuentran profundamente heridas y ofendidas por la decisi\u00f3n necia del Presidente L\u00f3pez Obrador de respaldar a Salgado.<\/p>\n<p style=\"text-align: justify;\">La esperanza es que, siempre que nos ha faltado Gobierno en M\u00e9xico, como sociedad civil hemos salido a poner cara y a actuar, como supongo que lo haremos este pr\u00f3ximo 8 de marzo.<\/p>\n<p style=\"text-align: justify;\">Y es por eso que le digo de nuevo: F\u00e9lix: \u00a1hasta aqu\u00ed llegaste!<\/p>\n","protected":false},"excerpt":{"rendered":"<p>\u00bb Mar\u00eda Elena P\u00e9rez-Ja\u00e9n Zerme\u00f1o. | Twitter: @MElenaPerezJaen ] Consultora y ex Comisionada del IFAI. Conoc\u00ed a F\u00e9lix Salgado Macedonio el 22 de mayo de 2008. \u00c9l era Presidente Municipal de Acapulco, yo era Comisionada del Instituto de Transparencia del Distrito Federal. Amarga experiencia. Nos hab\u00edamos reunido una gran parte de los comisionados y consejeros&#8230;<\/p>\n","protected":false},"author":2,"featured_media":1221641,"comment_status":"closed","ping_status":"closed","sticky":false,"template":"","format":"standard","meta":{"footnotes":""},"categories":[2071,1991],"tags":[6354,12566],"class_list":["post-1221640","post","type-post","status-publish","format-standard","has-post-thumbnail","hentry","category-opinion-analisis-columnas","category-libertad-de-expresion","tag-conferencia-mexicana-para-el-acceso-a-la-informacion-publica-comaip","tag-maria-elena-perez-jaen-zermeno"],"_links":{"self":[{"href":"https:\/\/www.acapulcopress.com\/index.php\/wp-json\/wp\/v2\/posts\/1221640","targetHints":{"allow":["GET"]}}],"collection":[{"href":"https:\/\/www.acapulcopress.com\/index.php\/wp-json\/wp\/v2\/posts"}],"about":[{"href":"https:\/\/www.acapulcopress.com\/index.php\/wp-json\/wp\/v2\/types\/post"}],"author":[{"embeddable":true,"href":"https:\/\/www.acapulcopress.com\/index.php\/wp-json\/wp\/v2\/users\/2"}],"replies":[{"embeddable":true,"href":"https:\/\/www.acapulcopress.com\/index.php\/wp-json\/wp\/v2\/comments?post=1221640"}],"version-history":[{"count":0,"href":"https:\/\/www.acapulcopress.com\/index.php\/wp-json\/wp\/v2\/posts\/1221640\/revisions"}],"wp:featuredmedia":[{"embeddable":true,"href":"https:\/\/www.acapulcopress.com\/index.php\/wp-json\/"}],"wp:attachment":[{"href":"https:\/\/www.acapulcopress.com\/index.php\/wp-json\/wp\/v2\/media?parent=1221640"}],"wp:term":[{"taxonomy":"category","embeddable":true,"href":"https:\/\/www.acapulcopress.com\/index.php\/wp-json\/wp\/v2\/categories?post=1221640"},{"taxonomy":"post_tag","embeddable":true,"href":"https:\/\/www.acapulcopress.com\/index.php\/wp-json\/wp\/v2\/tags?post=1221640"}],"curies":[{"name":"wp","href":"https:\/\/api.w.org\/{rel}","templated":true}]}}