{"id":1221652,"date":"2021-02-23T22:46:36","date_gmt":"2021-02-24T04:46:36","guid":{"rendered":"https:\/\/www.acapulcopress.com\/?p=1221652"},"modified":"2021-02-23T22:46:36","modified_gmt":"2021-02-24T04:46:36","slug":"mario-y-amlo-politicas-diferentes-con-ideologias-coincidentes","status":"publish","type":"post","link":"https:\/\/www.acapulcopress.com\/index.php\/2021\/02\/23\/mario-y-amlo-politicas-diferentes-con-ideologias-coincidentes\/","title":{"rendered":"Mario y AMLO | Pol\u00edticas diferentes con ideolog\u00edas coincidentes"},"content":{"rendered":"<p style=\"text-align: justify;\">CHILPANCINGO. * 23 de febrero de 2021.<br \/>\n<em>]\u00a0 Especial.<\/em><\/p>\n<p style=\"text-align: justify;\">El virtual candidato del PRI\/PRD a la gubernatura de Guerrero, Mario Moreno Arcos, habl\u00f3 sobre la visita de presidente de la Rep\u00fablica, Andr\u00e9s Manuel L\u00f3pez Obrador, \u00e9ste mi\u00e9rcoles a Iguala con motivo de la ceremonia oficial por el <em>D\u00eda de la Bandera.<\/em><\/p>\n<p style=\"text-align: justify;\">\u201cQuiero decirles que existen coincidencias sobre temas fundamentales\u201d opin\u00f3 este martes. \u201cConsidero indispensable mantener una relaci\u00f3n de colaboraci\u00f3n y respeto con el gobierno federal, m\u00e1s all\u00e1 de diferencias pol\u00edticas o ideol\u00f3gicas, porque, enfatiz\u00f3, por encima de todo est\u00e1 Guerrero y su gente\u201d.<\/p>\n<p style=\"text-align: justify;\">En ese sentido Moreno Arcos opin\u00f3 que en esta entidad suriana siempre habr\u00e1 entendimiento y disposici\u00f3n a trabajar coordinadamente con el gobierno de la Rep\u00fablica, como lo ha venido haciendo el gobernador H\u00e9ctor Astudillo Flores.<\/p>\n<p style=\"text-align: justify;\">\u201cCon el gobierno federal tendremos que encontrar alternativas en el corto y mediano plazo para impulsar nuestro desarrollo\u201d, enfatiz\u00f3 el abanderado del PRI y PRD, quien lament\u00f3 que la pandemia que azota no solo a Guerrero sino al pa\u00eds entero, haya ahondado las desigualdades haciendo evidente la gran necesidad de pol\u00edticas p\u00fablicas que les permita a los guerrerenses remontar esta crisis a la brevedad.<\/p>\n<p style=\"text-align: justify;\">En ese sentido, record\u00f3 la labor que viene desarrollando el gobernador H\u00e9ctor Astudillo en apoyo a los sectores vulnerables golpeados con m\u00e1s fuerza por la pandemia, \u201cy que conozco muy bien porque he trabajado directamente con \u00e9stos buscando paliar en lo posible las brechas econ\u00f3micas y sociales que hoy son m\u00e1s profundas\u201d.<\/p>\n<p style=\"text-align: justify;\">Por ello, Moreno Arcos consider\u00f3 fundamental trabajar en una l\u00ednea concreta para incentivar la inversi\u00f3n p\u00fablica y privada \u201cque nos ayude a generar empleos y el emprendimiento para las familias guerrerenses a trav\u00e9s de la producci\u00f3n primaria, que es otro de los potenciales econ\u00f3micos de esta entidad, adem\u00e1s del turismo y la miner\u00eda\u201d.<\/p>\n<p style=\"text-align: justify;\">En ese sentido, lament\u00f3 la cancelaci\u00f3n del proyecto de creaci\u00f3n de la Zona Econ\u00f3mica Especial (ZEE) Puerto L\u00e1zaro C\u00e1rdenas-La Uni\u00f3n, entre los estados de Guerrero y Michoac\u00e1n, con la cual se impulsar\u00eda el desarrollo econ\u00f3mico y financiero de ambas entidades.<\/p>\n<p style=\"text-align: justify;\">\u201cHay que recordar que Guerrero depende en un 97 por ciento del presupuesto federal y eso no es sano para nuestra econom\u00eda.<\/p>\n<p style=\"text-align: justify;\">Sin embargo, dijo, \u00abestoy convencido de que debemos encontrar sinergia con el gobierno federal para que nuestro estado logre mantener un crecimiento equilibrado\u201d, finaliz\u00f3.<\/p>\n","protected":false},"excerpt":{"rendered":"<p>CHILPANCINGO. * 23 de febrero de 2021. ]\u00a0 Especial. El virtual candidato del PRI\/PRD a la gubernatura de Guerrero, Mario Moreno Arcos, habl\u00f3 sobre la visita de presidente de la Rep\u00fablica, Andr\u00e9s Manuel L\u00f3pez Obrador, \u00e9ste mi\u00e9rcoles a Iguala con motivo de la ceremonia oficial por el D\u00eda de la Bandera. \u201cQuiero decirles que existen&#8230;<\/p>\n","protected":false},"author":2,"featured_media":1221653,"comment_status":"closed","ping_status":"closed","sticky":false,"template":"","format":"standard","meta":{"footnotes":""},"categories":[2024,18561],"tags":[3896,7163,12685],"class_list":["post-1221652","post","type-post","status-publish","format-standard","has-post-thumbnail","hentry","category-politica-activism","category-society-politics","tag-andres-manuel-lopez-obrador","tag-dia-de-la-bandera","tag-mario-moreno-arcos"],"_links":{"self":[{"href":"https:\/\/www.acapulcopress.com\/index.php\/wp-json\/wp\/v2\/posts\/1221652","targetHints":{"allow":["GET"]}}],"collection":[{"href":"https:\/\/www.acapulcopress.com\/index.php\/wp-json\/wp\/v2\/posts"}],"about":[{"href":"https:\/\/www.acapulcopress.com\/index.php\/wp-json\/wp\/v2\/types\/post"}],"author":[{"embeddable":true,"href":"https:\/\/www.acapulcopress.com\/index.php\/wp-json\/wp\/v2\/users\/2"}],"replies":[{"embeddable":true,"href":"https:\/\/www.acapulcopress.com\/index.php\/wp-json\/wp\/v2\/comments?post=1221652"}],"version-history":[{"count":0,"href":"https:\/\/www.acapulcopress.com\/index.php\/wp-json\/wp\/v2\/posts\/1221652\/revisions"}],"wp:featuredmedia":[{"embeddable":true,"href":"https:\/\/www.acapulcopress.com\/index.php\/wp-json\/"}],"wp:attachment":[{"href":"https:\/\/www.acapulcopress.com\/index.php\/wp-json\/wp\/v2\/media?parent=1221652"}],"wp:term":[{"taxonomy":"category","embeddable":true,"href":"https:\/\/www.acapulcopress.com\/index.php\/wp-json\/wp\/v2\/categories?post=1221652"},{"taxonomy":"post_tag","embeddable":true,"href":"https:\/\/www.acapulcopress.com\/index.php\/wp-json\/wp\/v2\/tags?post=1221652"}],"curies":[{"name":"wp","href":"https:\/\/api.w.org\/{rel}","templated":true}]}}