{"id":1221658,"date":"2021-02-23T22:57:51","date_gmt":"2021-02-24T04:57:51","guid":{"rendered":"https:\/\/www.acapulcopress.com\/?p=1221658"},"modified":"2021-02-23T22:57:51","modified_gmt":"2021-02-24T04:57:51","slug":"es-en-serio-amlo","status":"publish","type":"post","link":"https:\/\/www.acapulcopress.com\/index.php\/2021\/02\/23\/es-en-serio-amlo\/","title":{"rendered":"Es en serio, AMLO?\u2026"},"content":{"rendered":"<p style=\"text-align: justify;\"><em>Un Rapid\u00edn<\/em><br \/>\n<strong>Con \u00c1ngel Irra Carceda<\/strong><br \/>\n<em>] angelirracar@hotmail.com.<\/em><\/p>\n<p style=\"text-align: justify;\">\u00bfPor qu\u00e9 el presidente AMLO pide a gobernadores no involucrarse en este proceso electoral?<\/p>\n<p>Los convoca a mantenerse al margen, pero \u00e9l hace exactamente lo contrario.<\/p>\n<p>Se tiene que entender que el llamado de AMLO a los gobernadores no es porque sean un mandatario dem\u00f3crata.<\/p>\n<p>Jam\u00e1s, nunca. La Constituci\u00f3n Pol\u00edtica en nuestro pa\u00eds as\u00ed lo establece. Punto. Incluso para el propio presidente de M\u00e9xico.<\/p>\n<p>Este proceso electoral ya est\u00e1 en marcha. AMLO debe, a la voz de ya, marcar su distancia en todo lo que tenga que ver con el mismo, con la elecci\u00f3n de junio pr\u00f3ximo.<\/p>\n<p>Anunciaron en el gobierno federal que los programas de Bienestar se suspender\u00e1n hasta que pasen las elecciones, debido a la veda electoral en cuanto arranquen las campa\u00f1as pol\u00edticas. Aj\u00e1.<\/p>\n<p>Pero, que los apoyos econ\u00f3micos de los programas de la Secretar\u00eda de Bienestar, previstos para entregar entre abril y junio, se entregar\u00e1n en marzo pr\u00f3ximo.<\/p>\n<p>Es decir, antes de las elecciones, el primer domingo de junio. Chulada.<\/p>\n<p>\u00bfA estas alturas, qui\u00e9n se chupa el dedo?<\/p>\n","protected":false},"excerpt":{"rendered":"<p>Un Rapid\u00edn Con \u00c1ngel Irra Carceda ] angelirracar@hotmail.com. \u00bfPor qu\u00e9 el presidente AMLO pide a gobernadores no involucrarse en este proceso electoral? Los convoca a mantenerse al margen, pero \u00e9l hace exactamente lo contrario. Se tiene que entender que el llamado de AMLO a los gobernadores no es porque sean un mandatario dem\u00f3crata. Jam\u00e1s, nunca&#8230;.<\/p>\n","protected":false},"author":2,"featured_media":1221659,"comment_status":"closed","ping_status":"closed","sticky":false,"template":"","format":"standard","meta":{"footnotes":""},"categories":[2071,1991],"tags":[3793,3938,17511],"class_list":["post-1221658","post","type-post","status-publish","format-standard","has-post-thumbnail","hentry","category-opinion-analisis-columnas","category-libertad-de-expresion","tag-amlo","tag-angel-irra-carceda","tag-un-rapidin"],"_links":{"self":[{"href":"https:\/\/www.acapulcopress.com\/index.php\/wp-json\/wp\/v2\/posts\/1221658","targetHints":{"allow":["GET"]}}],"collection":[{"href":"https:\/\/www.acapulcopress.com\/index.php\/wp-json\/wp\/v2\/posts"}],"about":[{"href":"https:\/\/www.acapulcopress.com\/index.php\/wp-json\/wp\/v2\/types\/post"}],"author":[{"embeddable":true,"href":"https:\/\/www.acapulcopress.com\/index.php\/wp-json\/wp\/v2\/users\/2"}],"replies":[{"embeddable":true,"href":"https:\/\/www.acapulcopress.com\/index.php\/wp-json\/wp\/v2\/comments?post=1221658"}],"version-history":[{"count":0,"href":"https:\/\/www.acapulcopress.com\/index.php\/wp-json\/wp\/v2\/posts\/1221658\/revisions"}],"wp:featuredmedia":[{"embeddable":true,"href":"https:\/\/www.acapulcopress.com\/index.php\/wp-json\/"}],"wp:attachment":[{"href":"https:\/\/www.acapulcopress.com\/index.php\/wp-json\/wp\/v2\/media?parent=1221658"}],"wp:term":[{"taxonomy":"category","embeddable":true,"href":"https:\/\/www.acapulcopress.com\/index.php\/wp-json\/wp\/v2\/categories?post=1221658"},{"taxonomy":"post_tag","embeddable":true,"href":"https:\/\/www.acapulcopress.com\/index.php\/wp-json\/wp\/v2\/tags?post=1221658"}],"curies":[{"name":"wp","href":"https:\/\/api.w.org\/{rel}","templated":true}]}}