{"id":1221664,"date":"2021-02-23T23:15:29","date_gmt":"2021-02-24T05:15:29","guid":{"rendered":"https:\/\/www.acapulcopress.com\/?p=1221664"},"modified":"2021-02-23T23:15:29","modified_gmt":"2021-02-24T05:15:29","slug":"espera-gobernador-que-el-viernes-guerrero-cambie-de-color-epidemiologico","status":"publish","type":"post","link":"https:\/\/www.acapulcopress.com\/index.php\/2021\/02\/23\/espera-gobernador-que-el-viernes-guerrero-cambie-de-color-epidemiologico\/","title":{"rendered":"Espera Gobernador que el viernes Guerrero cambie de color epidemiol\u00f3gico"},"content":{"rendered":"<p style=\"text-align: justify;\">CHILPANCINGO. * 23 de febrero de 2021.<br \/>\n<em>]\u00a0 Gobierno de Guerrero.<\/em><\/p>\n<p style=\"text-align: justify;\">El gobernador H\u00e9ctor Astudillo Flores confi\u00f3 que el pr\u00f3ximo viernes, Guerrero tenga buenas noticias respecto al cambio de color en el sem\u00e1foro epidemiol\u00f3gico, ya que los contagios y hospitalizaciones est\u00e1n disminuyendo.<\/p>\n<p style=\"text-align: justify;\">En la transmisi\u00f3n n\u00famero 114, desde el 27 batall\u00f3n de Infanter\u00eda en Iguala, el titular del Ejecutivo guerrerense estuvo acompa\u00f1ado del comandante de la Novena Regi\u00f3n Militar, Eufemio Ibarra Flores, as\u00ed como los secretarios de Salud, Carlos de la Pe\u00f1a Pintos y de Finanzas y Administraci\u00f3n, Tulio Samuel P\u00e9rez Calvo.<\/p>\n<p style=\"text-align: justify;\">Astudillo Flores tambi\u00e9n inform\u00f3 que en la entidad contin\u00faa el proceso de vacunaci\u00f3n contra el Covid-19.<\/p>\n<p style=\"text-align: justify;\">Anunci\u00f3 que este mi\u00e9rcoles 24 de febrero, el presidente Andr\u00e9s Manuel L\u00f3pez Obrador y su hom\u00f3logo de Argentina, Alberto Fern\u00e1ndez visitar\u00e1n Iguala para conmemorar el D\u00eda de la Bandera.<\/p>\n<p style=\"text-align: justify;\">Por su parte, en la presentaci\u00f3n de los datos de la evoluci\u00f3n de la pandemia por el Covid-19 en la entidad, el secretario de Salud, Carlos de la Pe\u00f1a Pintos indic\u00f3 que Guerrero acumula 34 mil 862 casos positivos y 3 mil 531 defunciones.<\/p>\n<p style=\"text-align: justify;\">En la detecci\u00f3n de casos nuevos, apunt\u00f3 que son 109, con una tendencia a la baja, mientras que los casos activos se atienden oportunamente a trav\u00e9s de brigadas a fin de evitar la propagaci\u00f3n del virus.<\/p>\n<p style=\"text-align: justify;\">A\u00f1adi\u00f3 que 256 pacientes permanecen hospitalizados, de estos, 57 est\u00e1n intubados, con un descenso en la ocupaci\u00f3n hospitalaria que es del 35 por ciento y el 23 por ciento en ocupaci\u00f3n de ventiladores.<\/p>\n<p style=\"text-align: justify;\">Respecto a las defunciones, agreg\u00f3 que en el mes de febrero se registran 516 casos, con un promedio de 23.4 muertes por d\u00eda.<\/p>\n<p style=\"text-align: justify;\">\u201cEsperamos que el pr\u00f3ximo viernes tengamos buenos resultados en el sem\u00e1foro epidemiol\u00f3gico\u201d, puntualiz\u00f3 el gobernador H\u00e9ctor Astudillo Flores al concluir la transmisi\u00f3n.<\/p>\n","protected":false},"excerpt":{"rendered":"<p>CHILPANCINGO. * 23 de febrero de 2021. ]\u00a0 Gobierno de Guerrero. El gobernador H\u00e9ctor Astudillo Flores confi\u00f3 que el pr\u00f3ximo viernes, Guerrero tenga buenas noticias respecto al cambio de color en el sem\u00e1foro epidemiol\u00f3gico, ya que los contagios y hospitalizaciones est\u00e1n disminuyendo. En la transmisi\u00f3n n\u00famero 114, desde el 27 batall\u00f3n de Infanter\u00eda en Iguala,&#8230;<\/p>\n","protected":false},"author":2,"featured_media":1221665,"comment_status":"closed","ping_status":"closed","sticky":false,"template":"","format":"standard","meta":{"footnotes":""},"categories":[1972,18573,18574,1983],"tags":[],"class_list":["post-1221664","post","type-post","status-publish","format-standard","has-post-thumbnail","hentry","category-special","category-goverment","category-gobierno-la-foto","category-guerrerogob"],"_links":{"self":[{"href":"https:\/\/www.acapulcopress.com\/index.php\/wp-json\/wp\/v2\/posts\/1221664","targetHints":{"allow":["GET"]}}],"collection":[{"href":"https:\/\/www.acapulcopress.com\/index.php\/wp-json\/wp\/v2\/posts"}],"about":[{"href":"https:\/\/www.acapulcopress.com\/index.php\/wp-json\/wp\/v2\/types\/post"}],"author":[{"embeddable":true,"href":"https:\/\/www.acapulcopress.com\/index.php\/wp-json\/wp\/v2\/users\/2"}],"replies":[{"embeddable":true,"href":"https:\/\/www.acapulcopress.com\/index.php\/wp-json\/wp\/v2\/comments?post=1221664"}],"version-history":[{"count":0,"href":"https:\/\/www.acapulcopress.com\/index.php\/wp-json\/wp\/v2\/posts\/1221664\/revisions"}],"wp:featuredmedia":[{"embeddable":true,"href":"https:\/\/www.acapulcopress.com\/index.php\/wp-json\/"}],"wp:attachment":[{"href":"https:\/\/www.acapulcopress.com\/index.php\/wp-json\/wp\/v2\/media?parent=1221664"}],"wp:term":[{"taxonomy":"category","embeddable":true,"href":"https:\/\/www.acapulcopress.com\/index.php\/wp-json\/wp\/v2\/categories?post=1221664"},{"taxonomy":"post_tag","embeddable":true,"href":"https:\/\/www.acapulcopress.com\/index.php\/wp-json\/wp\/v2\/tags?post=1221664"}],"curies":[{"name":"wp","href":"https:\/\/api.w.org\/{rel}","templated":true}]}}