{"id":1221670,"date":"2021-02-23T23:29:22","date_gmt":"2021-02-24T05:29:22","guid":{"rendered":"https:\/\/www.acapulcopress.com\/?p=1221670"},"modified":"2021-02-23T23:29:22","modified_gmt":"2021-02-24T05:29:22","slug":"comparte-uagro-detalles-del-programa-de-movilidad-estudiantil-nacional","status":"publish","type":"post","link":"https:\/\/www.acapulcopress.com\/index.php\/2021\/02\/23\/comparte-uagro-detalles-del-programa-de-movilidad-estudiantil-nacional\/","title":{"rendered":"Comparte UAGro detalles del \u00abPrograma de Movilidad Estudiantil Nacional\u00bb"},"content":{"rendered":"<p>CHILPANCINGO. * 23 de febrero de 2021.<br \/>\n<em>]\u00a0 UAGro.<\/em><\/p>\n<p style=\"text-align: justify;\">La Coordinaci\u00f3n General de Vinculaci\u00f3n y Cooperaci\u00f3n de la Universidad comparte a la comunidad estudiantil los programas educativos la convocatoria del \u00abPrograma de Movilidad Estudiantil Nacional e Internacional\u00bb, en modalidad presencial o virtual, durante el periodo agosto-diciembre 2021.<\/p>\n<p>Para mayor informaci\u00f3n pueden llamar a los siguientes n\u00fameros:<br \/>\n747 161 1793<br \/>\n744 144 7207<br \/>\n742 113 1169<\/p>\n","protected":false},"excerpt":{"rendered":"<p>CHILPANCINGO. * 23 de febrero de 2021. ]\u00a0 UAGro. La Coordinaci\u00f3n General de Vinculaci\u00f3n y Cooperaci\u00f3n de la Universidad comparte a la comunidad estudiantil los programas educativos la convocatoria del \u00abPrograma de Movilidad Estudiantil Nacional e Internacional\u00bb, en modalidad presencial o virtual, durante el periodo agosto-diciembre 2021. Para mayor informaci\u00f3n pueden llamar a los siguientes&#8230;<\/p>\n","protected":false},"author":2,"featured_media":1221671,"comment_status":"closed","ping_status":"closed","sticky":false,"template":"","format":"standard","meta":{"footnotes":""},"categories":[18561,2016],"tags":[6705,10644,17463,17610],"class_list":["post-1221670","post","type-post","status-publish","format-standard","has-post-thumbnail","hentry","category-society-politics","category-uagro-society-politics","tag-covid19","tag-javier-saldana-almazan","tag-uagro","tag-universidad-autonoma-de-guerrero-uagro"],"_links":{"self":[{"href":"https:\/\/www.acapulcopress.com\/index.php\/wp-json\/wp\/v2\/posts\/1221670","targetHints":{"allow":["GET"]}}],"collection":[{"href":"https:\/\/www.acapulcopress.com\/index.php\/wp-json\/wp\/v2\/posts"}],"about":[{"href":"https:\/\/www.acapulcopress.com\/index.php\/wp-json\/wp\/v2\/types\/post"}],"author":[{"embeddable":true,"href":"https:\/\/www.acapulcopress.com\/index.php\/wp-json\/wp\/v2\/users\/2"}],"replies":[{"embeddable":true,"href":"https:\/\/www.acapulcopress.com\/index.php\/wp-json\/wp\/v2\/comments?post=1221670"}],"version-history":[{"count":0,"href":"https:\/\/www.acapulcopress.com\/index.php\/wp-json\/wp\/v2\/posts\/1221670\/revisions"}],"wp:featuredmedia":[{"embeddable":true,"href":"https:\/\/www.acapulcopress.com\/index.php\/wp-json\/"}],"wp:attachment":[{"href":"https:\/\/www.acapulcopress.com\/index.php\/wp-json\/wp\/v2\/media?parent=1221670"}],"wp:term":[{"taxonomy":"category","embeddable":true,"href":"https:\/\/www.acapulcopress.com\/index.php\/wp-json\/wp\/v2\/categories?post=1221670"},{"taxonomy":"post_tag","embeddable":true,"href":"https:\/\/www.acapulcopress.com\/index.php\/wp-json\/wp\/v2\/tags?post=1221670"}],"curies":[{"name":"wp","href":"https:\/\/api.w.org\/{rel}","templated":true}]}}