{"id":1221682,"date":"2021-02-23T23:55:06","date_gmt":"2021-02-24T05:55:06","guid":{"rendered":"https:\/\/www.acapulcopress.com\/?p=1221682"},"modified":"2021-02-23T23:55:06","modified_gmt":"2021-02-24T05:55:06","slug":"incompetencia-morenista-peligro-para-mexico","status":"publish","type":"post","link":"https:\/\/www.acapulcopress.com\/index.php\/2021\/02\/23\/incompetencia-morenista-peligro-para-mexico\/","title":{"rendered":"Incompetencia morenista, peligro nacional"},"content":{"rendered":"<p style=\"text-align: justify;\">CIUDAD DE M\u00c9XICO. * 23 de febrero de 2021.<br \/>\n<em>]\u00a0 Prensa PAN.<\/em><\/p>\n<p style=\"text-align: justify;\">El Presidente de Acci\u00f3n Nacional, Marko Cort\u00e9s Mendoza, afirm\u00f3 que la incompetencia morenista, mezclada con su c\u00ednica corrupci\u00f3n y el uso burdo de todos los programas y recursos p\u00fablicos, es muy peligroso para el pa\u00eds.<\/p>\n<p style=\"text-align: justify;\">\u201cEl bandidaje oficial est\u00e1 peor que nunca. Los pol\u00edticos de Morena salieron malos para gobernar, pero buenos para robar, manipular y mentir. Tenemos un presidente obsesionado con llevar al pa\u00eds a lo viejo, a los a\u00f1os 70, al siglo pasado\u201d, sostuvo.<\/p>\n<p style=\"text-align: justify;\">En rueda de prensa virtual, acompa\u00f1ado por el vicecoordinador del PAN en el Senado, Erandi Berm\u00fadez; y el coordinador en Diputados, Juan Carlos Romero Hicks, dijo que las decisiones caprichosas de los pol\u00edticos de Morena le cuestan muy caro al pa\u00eds, cuestan muchas vidas, empleos y dinero.<\/p>\n<p style=\"text-align: justify;\">Ejemplo de ello, dijo, son las m\u00e1s de 180 mil personas muertas por la pandemia, cifra tres veces al escenario catastr\u00f3fico previsto por el gobierno y 37 veces m\u00e1s que el n\u00famero de muertos en China, donde se origin\u00f3 el virus.<\/p>\n<p style=\"text-align: justify;\">Por ello y ante el uso electoral de la vacuna por parte del gobierno federal, Acci\u00f3n Nacional solicit\u00f3 ayer una reuni\u00f3n p\u00fablica con el titular de la Fiscal\u00eda Especializada en Delitos Electorales, para que informe sobre las investigaciones o los procesos sancionatorios contra los llamados \u201ccuervos de la naci\u00f3n\u201d, que conforman la fuerza electoral paralela de Morena.<\/p>\n<p style=\"text-align: justify;\">\u201cNosotros esperamos una pronta y puntual respuesta por parte de la autoridad para que se frene este abuso por parte de los cuervos de la naci\u00f3n, servidores de Morena\u201d, subray\u00f3.<\/p>\n<p style=\"text-align: justify;\">Cort\u00e9s Mendoza conden\u00f3 las condiciones inhumanas con las que se trata a la gente que desea vacunarse en Ecatepec, Estado de M\u00e9xico, debido a las largas filas de adultos mayores y porque \u201chay m\u00e1s publicidad que vacunas\u201d.<\/p>\n<p style=\"text-align: justify;\">El Presidente del PAN destac\u00f3 que la contrarreforma el\u00e9ctrica marcar\u00e1 el sexenio como el m\u00e1s delirante y regresivo de la historia y su aprobaci\u00f3n se convertir\u00e1 en el segundo error m\u00e1s grave del sexenio. \u201cM\u00e1s p\u00e9rdida de inversi\u00f3n, m\u00e1s p\u00e9rdida de credibilidad, m\u00e1s p\u00e9rdida de empleo, tarifas de energ\u00eda m\u00e1s costosa\u201d.<\/p>\n<p style=\"text-align: justify;\">Se\u00f1al\u00f3 que el delirio de la autosuficiencia energ\u00e9tica, el monopolio de Pemex y la CFE, el uso de carb\u00f3n y el combust\u00f3leo para producir energ\u00eda el\u00e9ctrica, ya no se ven en ninguna parte del mundo.<\/p>\n<p style=\"text-align: justify;\">\u201cEl monopolio es tan delirante como creer que el trapiche reactivar\u00e1 la econom\u00eda, que la mano de obra infantil es tan buena como la maquinaria para construir caminos y que el machete puede sustituir al herbicida\u201d, coment\u00f3.<\/p>\n<p style=\"text-align: justify;\">Finalmente, reiter\u00f3 el total apoyo de Acci\u00f3n Nacional al titular de la Auditor\u00eda Superior de la Federaci\u00f3n y rechaz\u00f3 las presiones burdas del gobierno federal hacia esta instituci\u00f3n aut\u00f3noma.<\/p>\n","protected":false},"excerpt":{"rendered":"<p>CIUDAD DE M\u00c9XICO. * 23 de febrero de 2021. ]\u00a0 Prensa PAN. El Presidente de Acci\u00f3n Nacional, Marko Cort\u00e9s Mendoza, afirm\u00f3 que la incompetencia morenista, mezclada con su c\u00ednica corrupci\u00f3n y el uso burdo de todos los programas y recursos p\u00fablicos, es muy peligroso para el pa\u00eds. \u201cEl bandidaje oficial est\u00e1 peor que nunca. Los&#8230;<\/p>\n","protected":false},"author":2,"featured_media":1221683,"comment_status":"closed","ping_status":"closed","sticky":false,"template":"","format":"standard","meta":{"footnotes":""},"categories":[1997],"tags":[12720,14270],"class_list":["post-1221682","post","type-post","status-publish","format-standard","has-post-thumbnail","hentry","category-noticias-destacadas","tag-marko-cortes-mendoza","tag-partido-accion-nacional-panl"],"_links":{"self":[{"href":"https:\/\/www.acapulcopress.com\/index.php\/wp-json\/wp\/v2\/posts\/1221682","targetHints":{"allow":["GET"]}}],"collection":[{"href":"https:\/\/www.acapulcopress.com\/index.php\/wp-json\/wp\/v2\/posts"}],"about":[{"href":"https:\/\/www.acapulcopress.com\/index.php\/wp-json\/wp\/v2\/types\/post"}],"author":[{"embeddable":true,"href":"https:\/\/www.acapulcopress.com\/index.php\/wp-json\/wp\/v2\/users\/2"}],"replies":[{"embeddable":true,"href":"https:\/\/www.acapulcopress.com\/index.php\/wp-json\/wp\/v2\/comments?post=1221682"}],"version-history":[{"count":0,"href":"https:\/\/www.acapulcopress.com\/index.php\/wp-json\/wp\/v2\/posts\/1221682\/revisions"}],"wp:featuredmedia":[{"embeddable":true,"href":"https:\/\/www.acapulcopress.com\/index.php\/wp-json\/"}],"wp:attachment":[{"href":"https:\/\/www.acapulcopress.com\/index.php\/wp-json\/wp\/v2\/media?parent=1221682"}],"wp:term":[{"taxonomy":"category","embeddable":true,"href":"https:\/\/www.acapulcopress.com\/index.php\/wp-json\/wp\/v2\/categories?post=1221682"},{"taxonomy":"post_tag","embeddable":true,"href":"https:\/\/www.acapulcopress.com\/index.php\/wp-json\/wp\/v2\/tags?post=1221682"}],"curies":[{"name":"wp","href":"https:\/\/api.w.org\/{rel}","templated":true}]}}