{"id":1221697,"date":"2021-02-27T00:44:03","date_gmt":"2021-02-27T06:44:03","guid":{"rendered":"https:\/\/www.acapulcopress.com\/?p=1221697"},"modified":"2021-02-27T00:44:03","modified_gmt":"2021-02-27T06:44:03","slug":"organizaciones-pesqueras-avalan-aspiracion-de-yair-garcia-a-la-diputacion-del-distrito-4","status":"publish","type":"post","link":"https:\/\/www.acapulcopress.com\/index.php\/2021\/02\/27\/organizaciones-pesqueras-avalan-aspiracion-de-yair-garcia-a-la-diputacion-del-distrito-4\/","title":{"rendered":"Organizaciones pesqueras avalan aspiraci\u00f3n de Ya\u00edr Garc\u00eda a la Diputaci\u00f3n del Distrito 4"},"content":{"rendered":"<p style=\"text-align: justify;\">ACAPULCO. * 24 de febrero de 2021.<br \/>\n<em>]\u00a0 Especial.<\/em><\/p>\n<p style=\"text-align: justify;\">Diversas organizaciones pesqueras del municipio de Acapulco dieron su respaldo a la aspiraci\u00f3n de Yair Garc\u00eda <img loading=\"lazy\" decoding=\"async\" class=\"alignleft size-medium wp-image-1221707\" src=\"https:\/\/www.acapulco.press\/wp-content\/uploads\/2021\/02\/YAIR8-375x281.jpg\" alt=\"\" width=\"375\" height=\"281\" \/>Delgado por la candidatura a la diputaci\u00f3n local por el Distrito Local 4.<\/p>\n<p>L\u00edderes pesqueros reconocieron la trayectoria del <em>Ciudadano de Tiempo Completo, <\/em>quien ha estado trabajando desde hace varios a\u00f1os escuchando las necesidades de los ciudadanos y sus posibles soluciones que permitan conformar un proyecto de trabajo legislativo.<\/p>\n<p>Entre quienes respaldan a Ya\u00edr Garc\u00eda destacan Orlando Pe\u00f1a Dami\u00e1n, de la Cooperativa Pesquera Las Pe\u00f1as; Mar\u00eda del Carmen Vargas, de la Cooperativa Ensenada de los Peces;\u00a0 Guadalupe P\u00e9rez Montiel, de la Sociedad Cooperativa \u00c1ngel de los Mares (Playa Tlacopanocha); Ezequiel G\u00f3mez Ch\u00e1vez, de la Cooperativa de Pesca Deportiva \u201cEl Dorado\u201d; Graciela Morales Tapia, de la Cooperativa \u201cEl Dorado\u201d, y Alfredo Arciniega Espinoza, de la Sociedad Cooperativa Pesquera \u201cLa Coyota del Mar\u201d.<\/p>\n\n","protected":false},"excerpt":{"rendered":"<p>ACAPULCO. * 24 de febrero de 2021. ]\u00a0 Especial. Diversas organizaciones pesqueras del municipio de Acapulco dieron su respaldo a la aspiraci\u00f3n de Yair Garc\u00eda Delgado por la candidatura a la diputaci\u00f3n local por el Distrito Local 4. L\u00edderes pesqueros reconocieron la trayectoria del Ciudadano de Tiempo Completo, quien ha estado trabajando desde hace varios&#8230;<\/p>\n","protected":false},"author":2,"featured_media":1221703,"comment_status":"closed","ping_status":"closed","sticky":false,"template":"","format":"standard","meta":{"footnotes":""},"categories":[2024,18561],"tags":[3636,5826,8308,9366,9518,12546,14053,18204],"class_list":["post-1221697","post","type-post","status-publish","format-standard","has-post-thumbnail","hentry","category-politica-activism","category-society-politics","tag-alfredo-arciniega-espinoza","tag-ciudadano-de-tiempo-completo","tag-ezequiel-gomez-chavez","tag-graciela-morales-tapia","tag-guadalupe-perez-montiel","tag-maria-del-carmen-vargas","tag-orlando-pena-damian","tag-yair-garcia-delgado"],"_links":{"self":[{"href":"https:\/\/www.acapulcopress.com\/index.php\/wp-json\/wp\/v2\/posts\/1221697","targetHints":{"allow":["GET"]}}],"collection":[{"href":"https:\/\/www.acapulcopress.com\/index.php\/wp-json\/wp\/v2\/posts"}],"about":[{"href":"https:\/\/www.acapulcopress.com\/index.php\/wp-json\/wp\/v2\/types\/post"}],"author":[{"embeddable":true,"href":"https:\/\/www.acapulcopress.com\/index.php\/wp-json\/wp\/v2\/users\/2"}],"replies":[{"embeddable":true,"href":"https:\/\/www.acapulcopress.com\/index.php\/wp-json\/wp\/v2\/comments?post=1221697"}],"version-history":[{"count":0,"href":"https:\/\/www.acapulcopress.com\/index.php\/wp-json\/wp\/v2\/posts\/1221697\/revisions"}],"wp:featuredmedia":[{"embeddable":true,"href":"https:\/\/www.acapulcopress.com\/index.php\/wp-json\/"}],"wp:attachment":[{"href":"https:\/\/www.acapulcopress.com\/index.php\/wp-json\/wp\/v2\/media?parent=1221697"}],"wp:term":[{"taxonomy":"category","embeddable":true,"href":"https:\/\/www.acapulcopress.com\/index.php\/wp-json\/wp\/v2\/categories?post=1221697"},{"taxonomy":"post_tag","embeddable":true,"href":"https:\/\/www.acapulcopress.com\/index.php\/wp-json\/wp\/v2\/tags?post=1221697"}],"curies":[{"name":"wp","href":"https:\/\/api.w.org\/{rel}","templated":true}]}}