{"id":1221719,"date":"2021-02-25T16:00:11","date_gmt":"2021-02-25T22:00:11","guid":{"rendered":"https:\/\/www.acapulcopress.com\/?p=1221719"},"modified":"2021-02-25T16:00:11","modified_gmt":"2021-02-25T22:00:11","slug":"brigada-uagro-participa-en-campana-de-vacunacion-contra-covid19-en-zumpango","status":"publish","type":"post","link":"https:\/\/www.acapulcopress.com\/index.php\/2021\/02\/25\/brigada-uagro-participa-en-campana-de-vacunacion-contra-covid19-en-zumpango\/","title":{"rendered":"Brigada UAGro participa en Campa\u00f1a de Vacunaci\u00f3n contra Covid19 en Zumpango"},"content":{"rendered":"<p style=\"text-align: justify;\">CHILPANCINGO. * 25 de febrero de 2021.<br \/>\n<em>]\u00a0UAGro.<\/em><\/p>\n<p style=\"text-align: justify;\">La Universidad Aut\u00f3noma de Guerrero colabor\u00f3 con 16 brigadistas voluntarios de la Escuela Superior de Enfermer\u00eda No. 1 con sede en Chilpancingo en el primer d\u00eda de la Campa\u00f1a de Vacunaci\u00f3n contra el Covid-19 que el Gobierno de <img loading=\"lazy\" decoding=\"async\" class=\"alignleft size-medium wp-image-1221720\" src=\"https:\/\/www.acapulco.press\/wp-content\/uploads\/2021\/02\/uagro-vacunacion-1-375x250.jpg\" alt=\"\" width=\"375\" height=\"250\" \/>M\u00e9xico implementar\u00e1 hasta el viernes en Zumpango.<\/p>\n<p style=\"text-align: justify;\">Los estudiantes de la m\u00e1xima casa de estudios en coordinaci\u00f3n con las autoridades estatales y federales, aplicaron vacunas a adultos mayores, trabajaron activamente en la log\u00edstica, captura de datos, orientaci\u00f3n y recomendaciones m\u00e9dicas a las personas que recibieron la primera dosis de la vacuna.<\/p>\n<p style=\"text-align: justify;\">La UAGro anunci\u00f3 que se sumar\u00eda activamente a la Campa\u00f1a de Vacunaci\u00f3n del Gobierno de M\u00e9xico en Guerrero con 407 brigadistas voluntarios, principalmente del \u00e1rea de la Salud; <img loading=\"lazy\" decoding=\"async\" class=\"alignleft size-medium wp-image-1221721\" src=\"https:\/\/www.acapulco.press\/wp-content\/uploads\/2021\/02\/uagro-vacunacion2-375x250.jpg\" alt=\"\" width=\"375\" height=\"250\" \/>tambi\u00e9n prestar\u00e1 sus instalaciones para que puedan utilizarse como centros de vacunaci\u00f3n y facilitar\u00e1 sus veh\u00edculos en caso de requerirse trasladar a adultos mayores.<\/p>\n<p style=\"text-align: justify;\">En declaraciones, la directora de la Escuela Superior de Enfermer\u00eda No.1 y responsable de esta brigada, Mar\u00eda del Pilar Pastor Dur\u00e1n dijo que los estudiantes recibieron una capacitaci\u00f3n previa a sumarse a la campa\u00f1a; sobre los protocolos de seguridad, inform\u00f3 que todos los brigadistas recibieron caretas, cubrebocas, batas y gel antibacterial para resguardar su salud.<\/p>\n<p style=\"text-align: justify;\">\u201cLos j\u00f3venes est\u00e1n muy entusiasmados de poder participar en la brigada y nos llena de orgullo poder ayudar y colaborar con la poblaci\u00f3n, es algo que nos ha caracterizado como universitarios: el servicio a las personas\u201d, afirm\u00f3.<\/p>\n<p style=\"text-align: justify;\">Uno de los estudiantes que aplic\u00f3 las vacunas, Cristian Acatitl\u00e1n Miranda del sexto semestre dijo que se lleva \u201cuna gran experiencia\u201d porque debido a la pandemia \u201cno hab\u00edamos podido realizar pr\u00e1cticas de campo\u201d; a\u00f1adi\u00f3 que entre los cursos de capacitaci\u00f3n recibieron informaci\u00f3n sobre las vacunas Pfizer y AstraZeneca para llegar mejor preparados: \u201cconocemos la t\u00e9cnica de aplicaci\u00f3n de las vacunas y mis compa\u00f1eros y yo nos sentimos con la capacidad de estar aqu\u00ed, ayudando a la poblaci\u00f3n\u201d.<\/p>\n","protected":false},"excerpt":{"rendered":"<p>CHILPANCINGO. * 25 de febrero de 2021. ]\u00a0UAGro. La Universidad Aut\u00f3noma de Guerrero colabor\u00f3 con 16 brigadistas voluntarios de la Escuela Superior de Enfermer\u00eda No. 1 con sede en Chilpancingo en el primer d\u00eda de la Campa\u00f1a de Vacunaci\u00f3n contra el Covid-19 que el Gobierno de M\u00e9xico implementar\u00e1 hasta el viernes en Zumpango. Los estudiantes&#8230;<\/p>\n","protected":false},"author":2,"featured_media":1221722,"comment_status":"closed","ping_status":"closed","sticky":false,"template":"","format":"standard","meta":{"footnotes":""},"categories":[18561,2016],"tags":[6705,10644,17463,17610],"class_list":["post-1221719","post","type-post","status-publish","format-standard","has-post-thumbnail","hentry","category-society-politics","category-uagro-society-politics","tag-covid19","tag-javier-saldana-almazan","tag-uagro","tag-universidad-autonoma-de-guerrero-uagro"],"_links":{"self":[{"href":"https:\/\/www.acapulcopress.com\/index.php\/wp-json\/wp\/v2\/posts\/1221719","targetHints":{"allow":["GET"]}}],"collection":[{"href":"https:\/\/www.acapulcopress.com\/index.php\/wp-json\/wp\/v2\/posts"}],"about":[{"href":"https:\/\/www.acapulcopress.com\/index.php\/wp-json\/wp\/v2\/types\/post"}],"author":[{"embeddable":true,"href":"https:\/\/www.acapulcopress.com\/index.php\/wp-json\/wp\/v2\/users\/2"}],"replies":[{"embeddable":true,"href":"https:\/\/www.acapulcopress.com\/index.php\/wp-json\/wp\/v2\/comments?post=1221719"}],"version-history":[{"count":0,"href":"https:\/\/www.acapulcopress.com\/index.php\/wp-json\/wp\/v2\/posts\/1221719\/revisions"}],"wp:featuredmedia":[{"embeddable":true,"href":"https:\/\/www.acapulcopress.com\/index.php\/wp-json\/"}],"wp:attachment":[{"href":"https:\/\/www.acapulcopress.com\/index.php\/wp-json\/wp\/v2\/media?parent=1221719"}],"wp:term":[{"taxonomy":"category","embeddable":true,"href":"https:\/\/www.acapulcopress.com\/index.php\/wp-json\/wp\/v2\/categories?post=1221719"},{"taxonomy":"post_tag","embeddable":true,"href":"https:\/\/www.acapulcopress.com\/index.php\/wp-json\/wp\/v2\/tags?post=1221719"}],"curies":[{"name":"wp","href":"https:\/\/api.w.org\/{rel}","templated":true}]}}