{"id":1221728,"date":"2021-02-28T17:40:45","date_gmt":"2021-02-28T23:40:45","guid":{"rendered":"https:\/\/www.acapulcopress.com\/?p=1221728"},"modified":"2021-02-28T17:40:45","modified_gmt":"2021-02-28T23:40:45","slug":"aguilas-uagro-iniciaran-el-torneo-clausura-2021-de-la-liga-tdp-mx","status":"publish","type":"post","link":"https:\/\/www.acapulcopress.com\/index.php\/2021\/02\/28\/aguilas-uagro-iniciaran-el-torneo-clausura-2021-de-la-liga-tdp-mx\/","title":{"rendered":"\u00c1guilas UAGro iniciar\u00e1n el Torneo Clausura 2021 de la Liga TDP MX"},"content":{"rendered":"<p>CHILPANCINGO. * 28 de febrero de 2021.<br \/>\n]\u00a0UAGro.<\/p>\n<p style=\"text-align: justify;\">En marzo las \u00c1guilas UAGro iniciar\u00e1n el Torneo Clausura 2021, la segunda vuelta del f\u00fatbol profesional de Tercera Divisi\u00f3n Liga TDP MX.<\/p>\n<p>Aqu\u00ed el calendario de partidos para apoyar a nuestro equipo universitario durante las transmisiones en vivo.<\/p>\n<p><img loading=\"lazy\" decoding=\"async\" class=\"alignnone wp-image-1221729 \" src=\"https:\/\/www.acapulco.press\/wp-content\/uploads\/2021\/02\/UAGRO-AGUILAS.jpg\" alt=\"\" width=\"822\" height=\"776\" \/><\/p>\n<p><em>#TodosSomos\u00c1guilasUAGro<\/em><\/p>\n","protected":false},"excerpt":{"rendered":"<p>CHILPANCINGO. * 28 de febrero de 2021. ]\u00a0UAGro. En marzo las \u00c1guilas UAGro iniciar\u00e1n el Torneo Clausura 2021, la segunda vuelta del f\u00fatbol profesional de Tercera Divisi\u00f3n Liga TDP MX. Aqu\u00ed el calendario de partidos para apoyar a nuestro equipo universitario durante las transmisiones en vivo. #TodosSomos\u00c1guilasUAGro<\/p>\n","protected":false},"author":2,"featured_media":1221729,"comment_status":"closed","ping_status":"closed","sticky":false,"template":"","format":"standard","meta":{"footnotes":""},"categories":[18561,2016],"tags":[2883,6705,10644,17463,17610],"class_list":["post-1221728","post","type-post","status-publish","format-standard","has-post-thumbnail","hentry","category-society-politics","category-uagro-society-politics","tag-todossomosaguilasuagro","tag-covid19","tag-javier-saldana-almazan","tag-uagro","tag-universidad-autonoma-de-guerrero-uagro"],"_links":{"self":[{"href":"https:\/\/www.acapulcopress.com\/index.php\/wp-json\/wp\/v2\/posts\/1221728","targetHints":{"allow":["GET"]}}],"collection":[{"href":"https:\/\/www.acapulcopress.com\/index.php\/wp-json\/wp\/v2\/posts"}],"about":[{"href":"https:\/\/www.acapulcopress.com\/index.php\/wp-json\/wp\/v2\/types\/post"}],"author":[{"embeddable":true,"href":"https:\/\/www.acapulcopress.com\/index.php\/wp-json\/wp\/v2\/users\/2"}],"replies":[{"embeddable":true,"href":"https:\/\/www.acapulcopress.com\/index.php\/wp-json\/wp\/v2\/comments?post=1221728"}],"version-history":[{"count":0,"href":"https:\/\/www.acapulcopress.com\/index.php\/wp-json\/wp\/v2\/posts\/1221728\/revisions"}],"wp:featuredmedia":[{"embeddable":true,"href":"https:\/\/www.acapulcopress.com\/index.php\/wp-json\/"}],"wp:attachment":[{"href":"https:\/\/www.acapulcopress.com\/index.php\/wp-json\/wp\/v2\/media?parent=1221728"}],"wp:term":[{"taxonomy":"category","embeddable":true,"href":"https:\/\/www.acapulcopress.com\/index.php\/wp-json\/wp\/v2\/categories?post=1221728"},{"taxonomy":"post_tag","embeddable":true,"href":"https:\/\/www.acapulcopress.com\/index.php\/wp-json\/wp\/v2\/tags?post=1221728"}],"curies":[{"name":"wp","href":"https:\/\/api.w.org\/{rel}","templated":true}]}}