{"id":1221734,"date":"2021-02-28T17:52:03","date_gmt":"2021-02-28T23:52:03","guid":{"rendered":"https:\/\/www.acapulcopress.com\/?p=1221734"},"modified":"2021-02-28T17:52:03","modified_gmt":"2021-02-28T23:52:03","slug":"invita-uagro-a-aniversario-virtual-de-la-promulgacion-del-plan-de-ayutla","status":"publish","type":"post","link":"https:\/\/www.acapulcopress.com\/index.php\/2021\/02\/28\/invita-uagro-a-aniversario-virtual-de-la-promulgacion-del-plan-de-ayutla\/","title":{"rendered":"UAGro invita a aniversario virtual de la promulgaci\u00f3n del Plan de Ayutla"},"content":{"rendered":"<p>CHILPANCINGO. * 28 de febrero de 2021.<br \/>\n<em>]\u00a0UAGro.<\/em><\/p>\n<p>Para conmemorar el aniversario de la promulgaci\u00f3n del Plan de Ayutla, el \u00c1rea de Extensi\u00f3n Universitaria UAGro les invita a ver su pr\u00f3ximo panel virtual, presentado por catedr\u00e1ticos de la Universidad y por el titular de la Secretar\u00eda de Cultura Guerrero, el Dr. Mauricio Leyva Castrej\u00f3n.<\/p>\n","protected":false},"excerpt":{"rendered":"<p>CHILPANCINGO. * 28 de febrero de 2021. ]\u00a0UAGro. Para conmemorar el aniversario de la promulgaci\u00f3n del Plan de Ayutla, el \u00c1rea de Extensi\u00f3n Universitaria UAGro les invita a ver su pr\u00f3ximo panel virtual, presentado por catedr\u00e1ticos de la Universidad y por el titular de la Secretar\u00eda de Cultura Guerrero, el Dr. Mauricio Leyva Castrej\u00f3n.<\/p>\n","protected":false},"author":2,"featured_media":1221735,"comment_status":"closed","ping_status":"closed","sticky":false,"template":"","format":"standard","meta":{"footnotes":""},"categories":[18561,2016],"tags":[6705,10644,14608,17463,17610],"class_list":["post-1221734","post","type-post","status-publish","format-standard","has-post-thumbnail","hentry","category-society-politics","category-uagro-society-politics","tag-covid19","tag-javier-saldana-almazan","tag-plan-de-ayutla","tag-uagro","tag-universidad-autonoma-de-guerrero-uagro"],"_links":{"self":[{"href":"https:\/\/www.acapulcopress.com\/index.php\/wp-json\/wp\/v2\/posts\/1221734","targetHints":{"allow":["GET"]}}],"collection":[{"href":"https:\/\/www.acapulcopress.com\/index.php\/wp-json\/wp\/v2\/posts"}],"about":[{"href":"https:\/\/www.acapulcopress.com\/index.php\/wp-json\/wp\/v2\/types\/post"}],"author":[{"embeddable":true,"href":"https:\/\/www.acapulcopress.com\/index.php\/wp-json\/wp\/v2\/users\/2"}],"replies":[{"embeddable":true,"href":"https:\/\/www.acapulcopress.com\/index.php\/wp-json\/wp\/v2\/comments?post=1221734"}],"version-history":[{"count":0,"href":"https:\/\/www.acapulcopress.com\/index.php\/wp-json\/wp\/v2\/posts\/1221734\/revisions"}],"wp:featuredmedia":[{"embeddable":true,"href":"https:\/\/www.acapulcopress.com\/index.php\/wp-json\/"}],"wp:attachment":[{"href":"https:\/\/www.acapulcopress.com\/index.php\/wp-json\/wp\/v2\/media?parent=1221734"}],"wp:term":[{"taxonomy":"category","embeddable":true,"href":"https:\/\/www.acapulcopress.com\/index.php\/wp-json\/wp\/v2\/categories?post=1221734"},{"taxonomy":"post_tag","embeddable":true,"href":"https:\/\/www.acapulcopress.com\/index.php\/wp-json\/wp\/v2\/tags?post=1221734"}],"curies":[{"name":"wp","href":"https:\/\/api.w.org\/{rel}","templated":true}]}}