{"id":1221742,"date":"2021-02-28T23:31:27","date_gmt":"2021-03-01T05:31:27","guid":{"rendered":"https:\/\/www.acapulcopress.com\/?p=1221742"},"modified":"2021-02-28T23:31:27","modified_gmt":"2021-03-01T05:31:27","slug":"certeza-en-pri-prd-un-desmadre-en-morena","status":"publish","type":"post","link":"https:\/\/www.acapulcopress.com\/index.php\/2021\/02\/28\/certeza-en-pri-prd-un-desmadre-en-morena\/","title":{"rendered":"Certeza en PRI-PRD | Un desmadre en Morena"},"content":{"rendered":"<p style=\"text-align: justify;\">Un Rapid\u00edn<br \/>\n<strong>\u00bb Con \u00c1ngel Irra Carceda<\/strong><br \/>\n<em>] angelirracar@hotmail.com.<\/em><\/p>\n<p style=\"text-align: justify;\">El evento donde este domingo Mario Moreno Arcos fue presentado como virtual candidato del PRI a la gubernatura, fue bueno.<\/p>\n<p style=\"text-align: justify;\"><img loading=\"lazy\" decoding=\"async\" class=\"alignleft size-medium wp-image-1221744\" src=\"https:\/\/www.acapulco.press\/wp-content\/uploads\/2021\/02\/moreno-375x250.jpg\" alt=\"\" width=\"375\" height=\"250\" \/>Lo arroparon los dirigentes nacionales y estatales del PRI y el PRD, aliados en esta contienda por la gubernatura, en la explanada de la sede del partido tricolor.<\/p>\n<p style=\"text-align: justify;\">Discursivamente sellaron la alianza com\u00fan en pos de la gubernatura, como deb\u00eda ser.<\/p>\n<p style=\"text-align: justify;\">De entrada, en su discurso, Mario Moreno Arcos extern\u00f3 su reconocimiento al PRD, a su aliado, a sus dirigentes, e hizo menci\u00f3n destacada a su contrincante en la contienda interna de la alianza, Evodio Vel\u00e1zquez Aguirre.<\/p>\n<p style=\"text-align: justify;\">Creo, que si siguen as\u00ed, en Guerrero el PRI mantendr\u00e1 la gubernatura, con el PRD.<\/p>\n<p style=\"text-align: justify;\">Lo creo porque en Morena est\u00e1n hechos un verdadero desmadre. Y todos saben qui\u00e9n lo ha propiciado por sus conocidos caprichos.<\/p>\n<p style=\"text-align: justify;\">Pero quien tendr\u00e1 un gran trabajo para armonizar las acciones de la campa\u00f1a, entre priistas y perredistas, ser\u00e1 el diputado local H\u00e9ctor Apreza Patr\u00f3n.<\/p>\n<p style=\"text-align: justify;\">Ser\u00e1 el coordinador general de la campa\u00f1a de Mario Moreno Arcos, me confirmaron este mismo domingo.<\/p>\n<p style=\"text-align: justify;\">Tiene tramo recorrido en estos menesteres. Lo ha hecho en el Congreso local.<\/p>\n<p style=\"text-align: justify;\">Y con Mario Moreno Arcos, si consuman la victoria, llevar\u00e1 mano.<\/p>\n<p style=\"text-align: justify;\">Lo \u00fanico malo en este evento en la sede del PRI, es que no se respet\u00f3 la sana distancia. Estuvo de la fregada.<\/p>\n","protected":false},"excerpt":{"rendered":"<p>Un Rapid\u00edn \u00bb Con \u00c1ngel Irra Carceda ] angelirracar@hotmail.com. El evento donde este domingo Mario Moreno Arcos fue presentado como virtual candidato del PRI a la gubernatura, fue bueno. Lo arroparon los dirigentes nacionales y estatales del PRI y el PRD, aliados en esta contienda por la gubernatura, en la explanada de la sede del&#8230;<\/p>\n","protected":false},"author":2,"featured_media":1221743,"comment_status":"closed","ping_status":"closed","sticky":false,"template":"","format":"standard","meta":{"footnotes":""},"categories":[2071,1991],"tags":[3938,12685,13297,14804,14914,17511],"class_list":["post-1221742","post","type-post","status-publish","format-standard","has-post-thumbnail","hentry","category-opinion-analisis-columnas","category-libertad-de-expresion","tag-angel-irra-carceda","tag-mario-moreno-arcos","tag-morena","tag-prd","tag-pri","tag-un-rapidin"],"_links":{"self":[{"href":"https:\/\/www.acapulcopress.com\/index.php\/wp-json\/wp\/v2\/posts\/1221742","targetHints":{"allow":["GET"]}}],"collection":[{"href":"https:\/\/www.acapulcopress.com\/index.php\/wp-json\/wp\/v2\/posts"}],"about":[{"href":"https:\/\/www.acapulcopress.com\/index.php\/wp-json\/wp\/v2\/types\/post"}],"author":[{"embeddable":true,"href":"https:\/\/www.acapulcopress.com\/index.php\/wp-json\/wp\/v2\/users\/2"}],"replies":[{"embeddable":true,"href":"https:\/\/www.acapulcopress.com\/index.php\/wp-json\/wp\/v2\/comments?post=1221742"}],"version-history":[{"count":0,"href":"https:\/\/www.acapulcopress.com\/index.php\/wp-json\/wp\/v2\/posts\/1221742\/revisions"}],"wp:featuredmedia":[{"embeddable":true,"href":"https:\/\/www.acapulcopress.com\/index.php\/wp-json\/"}],"wp:attachment":[{"href":"https:\/\/www.acapulcopress.com\/index.php\/wp-json\/wp\/v2\/media?parent=1221742"}],"wp:term":[{"taxonomy":"category","embeddable":true,"href":"https:\/\/www.acapulcopress.com\/index.php\/wp-json\/wp\/v2\/categories?post=1221742"},{"taxonomy":"post_tag","embeddable":true,"href":"https:\/\/www.acapulcopress.com\/index.php\/wp-json\/wp\/v2\/tags?post=1221742"}],"curies":[{"name":"wp","href":"https:\/\/api.w.org\/{rel}","templated":true}]}}