{"id":1221758,"date":"2021-03-01T19:26:48","date_gmt":"2021-03-02T01:26:48","guid":{"rendered":"https:\/\/www.acapulcopress.com\/?p=1221758"},"modified":"2021-03-01T19:26:48","modified_gmt":"2021-03-02T01:26:48","slug":"fge-perfecciona-denuncia-vs-felix","status":"publish","type":"post","link":"https:\/\/www.acapulcopress.com\/index.php\/2021\/03\/01\/fge-perfecciona-denuncia-vs-felix\/","title":{"rendered":"#FGE perfecciona denuncia Vs F\u00e9lix Salgado"},"content":{"rendered":"<p style=\"text-align: justify;\">CHILPANCINGO. * 1 de marzo de 2021.<br \/>\n<em>] <a href=\"https:\/\/www.infobae.com\/america\/mexico\/2021\/03\/02\/se-extinguio-accion-penal-contra-salgado-macedonio-por-caso-de-violacion-fiscalia-de-guerrero\/\" target=\"_blank\" rel=\"noopener\">Infobae<\/a>.<\/em><\/p>\n<p style=\"text-align: justify;\">Jorge Zuriel de los Santos, titular de la Fiscal\u00eda General del Estado (FGE) de Guerrero, inform\u00f3 que una de las causas penales que se investigaba contra F\u00e9lix Salgado Macedonio por su presunta responsabilidad en el delito de violaci\u00f3n dolosa, ha perdido acci\u00f3n penal por el argumento de prescripci\u00f3n.<\/p>\n<p style=\"text-align: justify;\"><img loading=\"lazy\" decoding=\"async\" class=\"alignleft size-medium wp-image-1221760\" src=\"https:\/\/www.acapulco.press\/wp-content\/uploads\/2021\/03\/COMNICADO-FELIX-375x485.jpg\" alt=\"\" width=\"375\" height=\"485\" \/>En una conferencia de prensa realizada este lunes 1 de marzo, De los Santos Barrila especific\u00f3 que en la fiscal\u00eda que dirige hay dos denuncias en contra del senador con licencia de Movimiento Regeneraci\u00f3n Nacional (Morena), una contin\u00faa en proceso de \u201cperfeccionamiento\u201d y la otra ya no tiene vigencia jur\u00eddica.<\/p>\n<p style=\"text-align: justify;\">De acuerdo con lo planteado por el funcionario local, la Fiscal\u00eda Especializada en Delitos Contra las Mujeres y Trata de Persona de la Fiscal\u00eda General de la Rep\u00fablica (FGR) recibi\u00f3 la denuncia el 17 de noviembre del 2020, misma que fue remitida a la fiscal\u00eda guerrerense para ser atendida.<\/p>\n<p style=\"text-align: justify;\">Posteriormente, durante la indagatoria, se descubri\u00f3 que la presunta felon\u00eda realizada por el aspirante a gobernador ocurri\u00f3 en diciembre de 1998, hace 22 a\u00f1os y dos meses respecto a la fecha de publicaci\u00f3n de esta nota, motivo por el cual, la FGE procedi\u00f3 conforme a derecho y aclar\u00f3 que dicho caso prescribi\u00f3.<\/p>\n<p style=\"text-align: justify;\">\u201cEntre esa fecha y la presentaci\u00f3n de la denuncia, oper\u00f3 la prescripci\u00f3n de la acci\u00f3n penal\u201d, explic\u00f3 el fiscal local respecto a la carpeta de investigaci\u00f3n 12030270400032070121 en contra de Salgado Macedonio.<\/p>\n<p style=\"text-align: justify;\">Para dejar m\u00e1s claro a lo que se refiere, De los Santos Barrila precis\u00f3 que es este recurso y las autoridades que lo avalan: \u201cLa prescripci\u00f3n es una figura jur\u00eddica incorporada al C\u00f3digo Penal del Estado de Guerrero, vigente en la \u00e9poca en que ocurrieron los hechos, que sirve para identificar la extinci\u00f3n de la acci\u00f3n penal o pretensi\u00f3n punitiva estatal por el simple transcurso del tiempo\u201d, especific\u00f3.<\/p>\n<p style=\"text-align: justify;\">Sin embargo, podr\u00eda quedar la solicitud requerida por la presunta v\u00edctima en la que se recalcule el tiempo transcurrido en funci\u00f3n de los fueros vigentes que tuvo el se\u00f1alado durante los cargos p\u00fablicos que ejerci\u00f3. Al respecto, la consideraci\u00f3n de procedencia del caso apelando al fuero de Salgado Macedonio, el fiscal de Guerrero estim\u00f3 la trayectoria del se\u00f1alado en la vida p\u00fablica: diputado federal, presidente municipal y senador en dos ocasiones. No obstante, hubo un lapso de tiempo en el que se dedico al sector privado, \u201cen consecuencia, acorde al t\u00e9rmino medio aritm\u00e9tico de la pena aplicable para el delito de violaci\u00f3n en el a\u00f1o de 1998, a la fecha, est\u00e1 extinguida la acci\u00f3n penal\u201d.<\/p>\n<p style=\"text-align: justify;\">En cuanto a la carpeta de investigaci\u00f3n que sigue vigente en contra del senador con licencia, el fiscal refiri\u00f3 que el proceso sigue abierto, motivo por el cual inst\u00f3 a la presunta v\u00edctima a acercarse a las autoridades correspondientes para que ellas le puedan brindar el acompa\u00f1amiento necesario para poder hacer frente al caso.<\/p>\n<p style=\"text-align: justify;\">Se ha buscado establecer contacto con la v\u00edctima directa y con quien la asiste directamente para hacerle saber que la Fiscal\u00eda General cuenta con la capacidad necesaria para brindarle atenci\u00f3n legal, asistencial, m\u00e9dica y psicol\u00f3gica especializada\u201d, refiri\u00f3 el fiscal en lo relacionado a la carpeta 12030270100002020117, iniciada por la presunta v\u00edctima que se identifica como \u201cJDG\u201d.<\/p>\n<p style=\"text-align: justify;\">Espec\u00edficamente, Jorge Zuriel De los Santos dijo que el proceso \u201cse encuentra en etapa de perfeccionamiento o de integraci\u00f3n, por ese motivo se han realizado diversas diligencias con la finalidad de establecer, en su momento, si existen o no los datos de prueba necesarios para proceder conforme a derecho\u201d.<\/p>\n<p style=\"text-align: justify;\">Esto quiere decir que la FGE de Guerrero contin\u00faa con el caso conforme a sus capacidades para dirimir si el militante del partido de Andr\u00e9s Manuel L\u00f3pez Obrador es responsable o no de los cargos que se le imputan.<\/p>\n<div style=\"width: 426px;\" class=\"wp-video\"><video class=\"wp-video-shortcode\" id=\"video-1221758-1\" width=\"426\" height=\"234\" preload=\"metadata\" controls=\"controls\"><source type=\"video\/mp4\" src=\"https:\/\/www.acapulco.press\/wp-content\/uploads\/2021\/03\/fiscal-general.mp4?_=1\" \/><a href=\"https:\/\/www.acapulco.press\/wp-content\/uploads\/2021\/03\/fiscal-general.mp4\">https:\/\/www.acapulco.press\/wp-content\/uploads\/2021\/03\/fiscal-general.mp4<\/a><\/video><\/div>\n","protected":false},"excerpt":{"rendered":"<p>CHILPANCINGO. * 1 de marzo de 2021. ] Infobae. Jorge Zuriel de los Santos, titular de la Fiscal\u00eda General del Estado (FGE) de Guerrero, inform\u00f3 que una de las causas penales que se investigaba contra F\u00e9lix Salgado Macedonio por su presunta responsabilidad en el delito de violaci\u00f3n dolosa, ha perdido acci\u00f3n penal por el argumento&#8230;<\/p>\n","protected":false},"author":2,"featured_media":1221761,"comment_status":"closed","ping_status":"closed","sticky":false,"template":"","format":"standard","meta":{"footnotes":""},"categories":[2044,1972,1997],"tags":[8227,8682,10946,11017,14737],"class_list":["post-1221758","post","type-post","status-publish","format-standard","has-post-thumbnail","hentry","category-justice","category-special","category-noticias-destacadas","tag-eva-basilia-castaneda-maciel","tag-fiscalia-general-de-guerrero-fge","tag-jorge-zuriel-de-los-santos-barrila","tag-jose-felix-salgado-macedonio","tag-policia-ministerial-de-guerrero"],"_links":{"self":[{"href":"https:\/\/www.acapulcopress.com\/index.php\/wp-json\/wp\/v2\/posts\/1221758","targetHints":{"allow":["GET"]}}],"collection":[{"href":"https:\/\/www.acapulcopress.com\/index.php\/wp-json\/wp\/v2\/posts"}],"about":[{"href":"https:\/\/www.acapulcopress.com\/index.php\/wp-json\/wp\/v2\/types\/post"}],"author":[{"embeddable":true,"href":"https:\/\/www.acapulcopress.com\/index.php\/wp-json\/wp\/v2\/users\/2"}],"replies":[{"embeddable":true,"href":"https:\/\/www.acapulcopress.com\/index.php\/wp-json\/wp\/v2\/comments?post=1221758"}],"version-history":[{"count":0,"href":"https:\/\/www.acapulcopress.com\/index.php\/wp-json\/wp\/v2\/posts\/1221758\/revisions"}],"wp:featuredmedia":[{"embeddable":true,"href":"https:\/\/www.acapulcopress.com\/index.php\/wp-json\/"}],"wp:attachment":[{"href":"https:\/\/www.acapulcopress.com\/index.php\/wp-json\/wp\/v2\/media?parent=1221758"}],"wp:term":[{"taxonomy":"category","embeddable":true,"href":"https:\/\/www.acapulcopress.com\/index.php\/wp-json\/wp\/v2\/categories?post=1221758"},{"taxonomy":"post_tag","embeddable":true,"href":"https:\/\/www.acapulcopress.com\/index.php\/wp-json\/wp\/v2\/tags?post=1221758"}],"curies":[{"name":"wp","href":"https:\/\/api.w.org\/{rel}","templated":true}]}}