{"id":1221769,"date":"2021-03-01T20:36:34","date_gmt":"2021-03-02T02:36:34","guid":{"rendered":"https:\/\/www.acapulcopress.com\/?p=1221769"},"modified":"2021-03-01T20:36:34","modified_gmt":"2021-03-02T02:36:34","slug":"lider-nacional-de-morena-viaja-a-acapulco-a-pedirle-a-felix-que-decline-publica-reforma","status":"publish","type":"post","link":"https:\/\/www.acapulcopress.com\/index.php\/2021\/03\/01\/lider-nacional-de-morena-viaja-a-acapulco-a-pedirle-a-felix-que-decline-publica-reforma\/","title":{"rendered":"L\u00edder nacional de Morena viaja a Acapulco a pedirle a F\u00e9lix que decline, publica Reforma"},"content":{"rendered":"<p style=\"text-align: justify;\"><strong>* Si\u00a0 F\u00e9lix Salgado se niega declinar, Morena estar\u00eda obligado a registrarlo como candidato, ante la inminencia de cierre de registro de candidaturas, cuyo plazo vence el 4 de marzo, un d\u00eda antes del arranque de la contienda.<\/strong><\/p>\n<p>ACAPULO. * 1 de marzo de 2021.<br \/>\n<em>] Acapulco Press.<\/em><\/p>\n<p>Seg\u00fan el diario<em> Reforma,<\/em> el presidente nacional de Morena, Mario Delgado Carrillo, viaj\u00f3 al puerto de Acapulco para pedirle a F\u00e9lix Salgado Macedonio que renuncie a su candidatura para Gobernador de Guerrero, \u00abpor el bien del movimiento\u00bb.<\/p>\n<p>Las fuentes del diario desde la dirigencia nacional morenista manifiestan que Delgado se vio forzado a viajar hasta Acapulco en busca de Salgado \u00aben espera de (su)\u00a0 declinaci\u00f3n y reponer la candidatura antes de que cierre el plazo de registro ante el Instituto Electoral y Participaci\u00f3n Ciudadana de Guerrero (IEPCGro)\u00bb, en base a la instrucci\u00f3n de la la Comisi\u00f3n Nacional de Honestidad y Justicia de Morena (CNHJ), que orden\u00f3 el viernes pasado \u00abreponer el procedimiento de nombramiento de candidatos, con la revisi\u00f3n del perfil y la idoneidad de la candidatura de Salgado y otros contendientes\u00bb.<\/p>\n<p style=\"text-align: justify;\"><a href=\"https:\/\/www.reforma.com\/aplicacioneslibre\/preacceso\/articulo\/default.aspx?urlredirect=https:\/\/www.reforma.com\/ruega-lider-de-morena-a-felix-salgado-declinar\/ar2135093?referer=--7d616165662f3a3a6262623b6770737a6778743b767a783a--\" target=\"_blank\" rel=\"noopener\"><img loading=\"lazy\" decoding=\"async\" class=\"alignleft size-medium wp-image-1221770\" src=\"https:\/\/www.acapulco.press\/wp-content\/uploads\/2021\/03\/reforma-375x680.png\" alt=\"\" width=\"375\" height=\"680\" \/><\/a>No obstante haber dejado intactos su derechos pol\u00edticos, tras declarar infundadas las acusaciones por violencia de g\u00e9nero y mala fama p\u00fablica que hab\u00edan sido presentadas, la CNHJ resolvi\u00f3, \u00abpor unanimidad de votos, instruir a las Comisiones Nacional de Elecciones y Nacional de Encuestas, la reposici\u00f3n del procedimiento de evaluaci\u00f3n de perfiles para la selecci\u00f3n de candidata o candidato a la gubernatura del estado de Guerrero\u00bb, subraya la nota de Reforma publicada hoy a las 19:35 horas de la noche.<\/p>\n<p style=\"text-align: justify;\">\u00abLa comisi\u00f3n de elecciones tuvo una reuni\u00f3n hoy, pero abri\u00f3 un receso para permitir que Delgado hiciera su gesti\u00f3n\u00bb, a\u00f1ade el diario.<\/p>\n<p style=\"text-align: justify;\">\u00abEl dirigente concert\u00f3 una cita con Salgado y viaj\u00f3 esta tarde a Acapulco con el prop\u00f3sito de solicitarle que decline\u00bb.<\/p>\n<p>Sin embargo, \u00absi Salgado se niega, Morena estar\u00eda obligado a registrarlo como candidato ante la inminencia de cierre de registro de candidaturas, cuyo plazo vence el 4 de marzo, un d\u00eda antes del arranque de la contienda\u00bb.<\/p>\n<p style=\"text-align: justify;\">\u00abLa ley prev\u00e9 los mecanismos de sustituci\u00f3n y los plazos legales, pero quisiera ser muy respetuoso y no generar un comentario, porque es un asunto que est\u00e1 abordando la Comisi\u00f3n Nacional de Elecciones, pero vamos a esperar a que ellos se pronuncien, que deber\u00e1 de ser pronto\u00bb, dijo Sergio Guti\u00e9rrez Luna, representante de Morena ante el INE, cita la nota informativa acredita a C\u00e9sar Mart\u00ednez<br \/>\nwww.<strong>acapulcopress.<\/strong>com<\/p>\n","protected":false},"excerpt":{"rendered":"<p>* Si\u00a0 F\u00e9lix Salgado se niega declinar, Morena estar\u00eda obligado a registrarlo como candidato, ante la inminencia de cierre de registro de candidaturas, cuyo plazo vence el 4 de marzo, un d\u00eda antes del arranque de la contienda. ACAPULO. * 1 de marzo de 2021. ] Acapulco Press. Seg\u00fan el diario Reforma, el presidente nacional&#8230;<\/p>\n","protected":false},"author":2,"featured_media":1221771,"comment_status":"closed","ping_status":"closed","sticky":false,"template":"","format":"standard","meta":{"footnotes":""},"categories":[2053,1972],"tags":[6178,7798,8467,9544,10264,12677,13297],"class_list":["post-1221769","post","type-post","status-publish","format-standard","has-post-thumbnail","hentry","category-elecciones-special","category-special","tag-comision-nacional-de-honestidad-y-justicia-de-morena-cnhj","tag-eleccion-guerrero","tag-felix-salgado-macedonio","tag-gubernatura-de-guerrero-2021","tag-instituto-electoral-y-participacion-ciudadana-de-guerrero-iepcgro","tag-mario-delgado-carrillo","tag-morena"],"_links":{"self":[{"href":"https:\/\/www.acapulcopress.com\/index.php\/wp-json\/wp\/v2\/posts\/1221769","targetHints":{"allow":["GET"]}}],"collection":[{"href":"https:\/\/www.acapulcopress.com\/index.php\/wp-json\/wp\/v2\/posts"}],"about":[{"href":"https:\/\/www.acapulcopress.com\/index.php\/wp-json\/wp\/v2\/types\/post"}],"author":[{"embeddable":true,"href":"https:\/\/www.acapulcopress.com\/index.php\/wp-json\/wp\/v2\/users\/2"}],"replies":[{"embeddable":true,"href":"https:\/\/www.acapulcopress.com\/index.php\/wp-json\/wp\/v2\/comments?post=1221769"}],"version-history":[{"count":0,"href":"https:\/\/www.acapulcopress.com\/index.php\/wp-json\/wp\/v2\/posts\/1221769\/revisions"}],"wp:featuredmedia":[{"embeddable":true,"href":"https:\/\/www.acapulcopress.com\/index.php\/wp-json\/"}],"wp:attachment":[{"href":"https:\/\/www.acapulcopress.com\/index.php\/wp-json\/wp\/v2\/media?parent=1221769"}],"wp:term":[{"taxonomy":"category","embeddable":true,"href":"https:\/\/www.acapulcopress.com\/index.php\/wp-json\/wp\/v2\/categories?post=1221769"},{"taxonomy":"post_tag","embeddable":true,"href":"https:\/\/www.acapulcopress.com\/index.php\/wp-json\/wp\/v2\/tags?post=1221769"}],"curies":[{"name":"wp","href":"https:\/\/api.w.org\/{rel}","templated":true}]}}