{"id":1221776,"date":"2021-03-01T21:11:56","date_gmt":"2021-03-02T03:11:56","guid":{"rendered":"https:\/\/www.acapulcopress.com\/?p=1221776"},"modified":"2021-03-01T21:11:56","modified_gmt":"2021-03-02T03:11:56","slug":"manuel-negrete-se-registra-para-gobernador-de-guerrero-por-fuerza-por-mexico","status":"publish","type":"post","link":"https:\/\/www.acapulcopress.com\/index.php\/2021\/03\/01\/manuel-negrete-se-registra-para-gobernador-de-guerrero-por-fuerza-por-mexico\/","title":{"rendered":"Manuel Negrete se registra para Gobernador de Guerrero por &#8216;Fuerza por M\u00e9xico&#8217;"},"content":{"rendered":"<p style=\"text-align: justify;\">CHILPANCINGO. * 1 de marzo de 2021.<br \/>\n<em>] Acapulco Press.<\/em><\/p>\n<p style=\"text-align: justify;\">Tras solicitar licencia como alcalde de Coyoac\u00e1n, Manuel Negrete Arias, exfutbolista profesional de la Selecci\u00f3n <img loading=\"lazy\" decoding=\"async\" class=\"alignleft size-medium wp-image-1221777\" src=\"https:\/\/www.acapulco.press\/wp-content\/uploads\/2021\/03\/MANUEL-NEGRETE-375x250.jpg\" alt=\"\" width=\"375\" height=\"250\" \/>Mexicana, se registr\u00f3\u00a0 esta noche ante el Instituto Electoral y de Participaci\u00f3n Ciudadana del Estado de Guerrero (IEPCGro) como aspirante a Gobernador por el partido <em>Fuerza por M\u00e9xico<\/em>.<\/p>\n<p>Acompa\u00f1adode Fernando Manuel Haces Barba, presidente del Comit\u00e9 Directivo Estatal de <em>Fuerza por M\u00e9xico<\/em>, present\u00f3 ante los Consejeros Electorales y el Secretario Ejecutivo del IEPCGR su solicitud del registro para participar en el Proceso Electoral Ordinario de Gubernatura del Estado, Diputaciones Locales y Ayuntamientos 2020-2021.<\/p>\n<p style=\"text-align: justify;\">En su discurso, Negrete dijo que \u00abGuerrero es lo m\u00e1s importante del proceso\u00bb y expres\u00f3 su confianza porque el \u00abproceso sea en paz, por el bien de los guerrerenses\u00bb.<br \/>\nwww.acapulco.press<\/p>\n","protected":false},"excerpt":{"rendered":"<p>CHILPANCINGO. * 1 de marzo de 2021. ] Acapulco Press. Tras solicitar licencia como alcalde de Coyoac\u00e1n, Manuel Negrete Arias, exfutbolista profesional de la Selecci\u00f3n Mexicana, se registr\u00f3\u00a0 esta noche ante el Instituto Electoral y de Participaci\u00f3n Ciudadana del Estado de Guerrero (IEPCGro) como aspirante a Gobernador por el partido Fuerza por M\u00e9xico. Acompa\u00f1adode Fernando&#8230;<\/p>\n","protected":false},"author":2,"featured_media":1221779,"comment_status":"closed","ping_status":"closed","sticky":false,"template":"","format":"standard","meta":{"footnotes":""},"categories":[1969,2053,1972],"tags":[8985,12394,13789],"class_list":["post-1221776","post","type-post","status-publish","format-standard","has-post-thumbnail","hentry","category-trending","category-elecciones-special","category-special","tag-fuerza-por-mexico","tag-manuel-negrete-arias","tag-nstituto-electoral-y-de-participacion-ciudadana-del-estado-de-guerrero-iepcgro"],"_links":{"self":[{"href":"https:\/\/www.acapulcopress.com\/index.php\/wp-json\/wp\/v2\/posts\/1221776","targetHints":{"allow":["GET"]}}],"collection":[{"href":"https:\/\/www.acapulcopress.com\/index.php\/wp-json\/wp\/v2\/posts"}],"about":[{"href":"https:\/\/www.acapulcopress.com\/index.php\/wp-json\/wp\/v2\/types\/post"}],"author":[{"embeddable":true,"href":"https:\/\/www.acapulcopress.com\/index.php\/wp-json\/wp\/v2\/users\/2"}],"replies":[{"embeddable":true,"href":"https:\/\/www.acapulcopress.com\/index.php\/wp-json\/wp\/v2\/comments?post=1221776"}],"version-history":[{"count":0,"href":"https:\/\/www.acapulcopress.com\/index.php\/wp-json\/wp\/v2\/posts\/1221776\/revisions"}],"wp:featuredmedia":[{"embeddable":true,"href":"https:\/\/www.acapulcopress.com\/index.php\/wp-json\/"}],"wp:attachment":[{"href":"https:\/\/www.acapulcopress.com\/index.php\/wp-json\/wp\/v2\/media?parent=1221776"}],"wp:term":[{"taxonomy":"category","embeddable":true,"href":"https:\/\/www.acapulcopress.com\/index.php\/wp-json\/wp\/v2\/categories?post=1221776"},{"taxonomy":"post_tag","embeddable":true,"href":"https:\/\/www.acapulcopress.com\/index.php\/wp-json\/wp\/v2\/tags?post=1221776"}],"curies":[{"name":"wp","href":"https:\/\/api.w.org\/{rel}","templated":true}]}}