{"id":1221784,"date":"2021-03-01T21:55:42","date_gmt":"2021-03-02T03:55:42","guid":{"rendered":"https:\/\/www.acapulcopress.com\/?p=1221784"},"modified":"2021-03-01T21:55:42","modified_gmt":"2021-03-02T03:55:42","slug":"fge-logra-sentencia-de-27-anos-contra-dos-secuestradores-de-tlapa","status":"publish","type":"post","link":"https:\/\/www.acapulcopress.com\/index.php\/2021\/03\/01\/fge-logra-sentencia-de-27-anos-contra-dos-secuestradores-de-tlapa\/","title":{"rendered":"FGE logra sentencia de 27 a\u00f1os contra dos secuestradores de Tlapa"},"content":{"rendered":"<p style=\"text-align: justify;\">ACAPULCO. * 1 de marzo de 2021.<br \/>\n]\u00a0Especial.<br \/>\nFiscal\u00eda de Guerrero logra sentencia de 27 a\u00f1os de prisi\u00f3n en contra de Felipe \u00abN\u00bb y Armando \u00abN\u00bb por Secuestro en Tlapa<\/p>\n<p style=\"text-align: justify;\">Chilpancingo, Gro. 01 de marzo de 2021.- El Ministerio P\u00fablico adscrito en Tlapa de Comonfort logr\u00f3 la sentencia de 27 a\u00f1os de prisi\u00f3n en contra de Felipe \u00abN\u00bb, al\u00edas \u00abEl Chabelo\u00bb y Armando \u00abN\u00bb, al\u00edas \u00abEl Mani\u00bb, como responsables en la comisi\u00f3n del delito de Secuestro Agravado.<\/p>\n<p style=\"text-align: justify;\">La v\u00edctima fue privada de su libertad despu\u00e9s de salir de su domicilio al centro de Tlapa, fue en el trayecto que al ir caminando, los sentenciados lo interceptaron y lo condujeron a una casa de seguridad, desde donde iniciaron las llamadas a los familiares.<\/p>\n<p style=\"text-align: justify;\">Derivado de las investigaciones y un operativo desplegado por el Grupo Antisecuestro, rescataron a la v\u00edctima y se detuvo a los responsables del delito. La representaci\u00f3n social acredit\u00f3 los hechos integrados en la causa penal 07\/2013-II con los datos de prueba presentados.<\/p>\n<p style=\"text-align: justify;\">El Juez de Primera Instancia en Materia Penal del Distrito Judicial de Morelos, dict\u00f3 sentencia condenatoria en contra de los imputados a una pena privativa de su libertad de 27 a\u00f1os de prisi\u00f3n por Secuestro Agravado, pagar\u00e1n una multa y por la reparaci\u00f3n del da\u00f1o, quedando internos en el Centro de Reinserci\u00f3n Social.<\/p>\n<p style=\"text-align: justify;\">\n","protected":false},"excerpt":{"rendered":"<p>ACAPULCO. * 1 de marzo de 2021. ]\u00a0Especial. Fiscal\u00eda de Guerrero logra sentencia de 27 a\u00f1os de prisi\u00f3n en contra de Felipe \u00abN\u00bb y Armando \u00abN\u00bb por Secuestro en Tlapa Chilpancingo, Gro. 01 de marzo de 2021.- El Ministerio P\u00fablico adscrito en Tlapa de Comonfort logr\u00f3 la sentencia de 27 a\u00f1os de prisi\u00f3n en contra&#8230;<\/p>\n","protected":false},"author":2,"featured_media":1221785,"comment_status":"closed","ping_status":"closed","sticky":false,"template":"","format":"standard","meta":{"footnotes":""},"categories":[18561,2005],"tags":[8682,10946,14737],"class_list":["post-1221784","post","type-post","status-publish","format-standard","has-post-thumbnail","hentry","category-society-politics","category-seguridad-y-justicia","tag-fiscalia-general-de-guerrero-fge","tag-jorge-zuriel-de-los-santos-barrila","tag-policia-ministerial-de-guerrero"],"_links":{"self":[{"href":"https:\/\/www.acapulcopress.com\/index.php\/wp-json\/wp\/v2\/posts\/1221784","targetHints":{"allow":["GET"]}}],"collection":[{"href":"https:\/\/www.acapulcopress.com\/index.php\/wp-json\/wp\/v2\/posts"}],"about":[{"href":"https:\/\/www.acapulcopress.com\/index.php\/wp-json\/wp\/v2\/types\/post"}],"author":[{"embeddable":true,"href":"https:\/\/www.acapulcopress.com\/index.php\/wp-json\/wp\/v2\/users\/2"}],"replies":[{"embeddable":true,"href":"https:\/\/www.acapulcopress.com\/index.php\/wp-json\/wp\/v2\/comments?post=1221784"}],"version-history":[{"count":0,"href":"https:\/\/www.acapulcopress.com\/index.php\/wp-json\/wp\/v2\/posts\/1221784\/revisions"}],"wp:featuredmedia":[{"embeddable":true,"href":"https:\/\/www.acapulcopress.com\/index.php\/wp-json\/"}],"wp:attachment":[{"href":"https:\/\/www.acapulcopress.com\/index.php\/wp-json\/wp\/v2\/media?parent=1221784"}],"wp:term":[{"taxonomy":"category","embeddable":true,"href":"https:\/\/www.acapulcopress.com\/index.php\/wp-json\/wp\/v2\/categories?post=1221784"},{"taxonomy":"post_tag","embeddable":true,"href":"https:\/\/www.acapulcopress.com\/index.php\/wp-json\/wp\/v2\/tags?post=1221784"}],"curies":[{"name":"wp","href":"https:\/\/api.w.org\/{rel}","templated":true}]}}