{"id":1221801,"date":"2021-03-01T23:24:31","date_gmt":"2021-03-02T05:24:31","guid":{"rendered":"https:\/\/www.acapulcopress.com\/?p=1221801"},"modified":"2021-03-01T23:24:31","modified_gmt":"2021-03-02T05:24:31","slug":"transportistas-respaldan-a-yair-garcia-para-diputado-en-el-distrito-4-local","status":"publish","type":"post","link":"https:\/\/www.acapulcopress.com\/index.php\/2021\/03\/01\/transportistas-respaldan-a-yair-garcia-para-diputado-en-el-distrito-4-local\/","title":{"rendered":"Transportistas respaldan a Yair Garc\u00eda para Diputado en el Distrito 4 local"},"content":{"rendered":"<p style=\"text-align: justify;\">ACAPULCO. * 1 de marzo de 2021.<br \/>\n<em>]\u00a0Acapulco Press.<\/em><\/p>\n<p><img loading=\"lazy\" decoding=\"async\" class=\"alignleft size-medium wp-image-1221805\" style=\"text-align: justify;\" src=\"https:\/\/www.acapulco.press\/wp-content\/uploads\/2021\/03\/YAIR-TRANSPORTE4-375x281.jpg\" alt=\"\" width=\"375\" height=\"281\" \/><\/p>\n<p style=\"text-align: justify;\">Integrantes de la Federaci\u00f3n de Autotransportistas y Organizaciones del Estado de Guerrero (FAOEG) mostraron su respaldo a Yair Garc\u00eda Delgado para Diputado por Morena en el Distrito 4 local.<\/p>\n<p style=\"text-align: justify;\">El dirigente de dicha organizaci\u00f3n que cuenta con m\u00e1s de 400 agremiados, Rafael Polanco Castillo, demostr\u00f3 su confianza en que la encuesta favorezca al joven pol\u00edtico que durante muchos a\u00f1os ha demostrado ser un aut\u00e9ntico<em> Ciudadano de Tiempo Completo<\/em>., escuchando y atendiendo las inquietudes de diversos sectores sociales de Acapulco.<\/p>\n\n","protected":false},"excerpt":{"rendered":"<p>ACAPULCO. * 1 de marzo de 2021. ]\u00a0Acapulco Press. Integrantes de la Federaci\u00f3n de Autotransportistas y Organizaciones del Estado de Guerrero (FAOEG) mostraron su respaldo a Yair Garc\u00eda Delgado para Diputado por Morena en el Distrito 4 local. El dirigente de dicha organizaci\u00f3n que cuenta con m\u00e1s de 400 agremiados, Rafael Polanco Castillo, demostr\u00f3 su&#8230;<\/p>\n","protected":false},"author":2,"featured_media":1221809,"comment_status":"closed","ping_status":"closed","sticky":false,"template":"","format":"standard","meta":{"footnotes":""},"categories":[2024,18561],"tags":[5826,7399,8407,18204],"class_list":["post-1221801","post","type-post","status-publish","format-standard","has-post-thumbnail","hentry","category-politica-activism","category-society-politics","tag-ciudadano-de-tiempo-completo","tag-distrito-4-local-acapulco","tag-federacion-de-autotransportistas-y-organizaciones-del-estado-de-guerrero-faoeg","tag-yair-garcia-delgado"],"_links":{"self":[{"href":"https:\/\/www.acapulcopress.com\/index.php\/wp-json\/wp\/v2\/posts\/1221801","targetHints":{"allow":["GET"]}}],"collection":[{"href":"https:\/\/www.acapulcopress.com\/index.php\/wp-json\/wp\/v2\/posts"}],"about":[{"href":"https:\/\/www.acapulcopress.com\/index.php\/wp-json\/wp\/v2\/types\/post"}],"author":[{"embeddable":true,"href":"https:\/\/www.acapulcopress.com\/index.php\/wp-json\/wp\/v2\/users\/2"}],"replies":[{"embeddable":true,"href":"https:\/\/www.acapulcopress.com\/index.php\/wp-json\/wp\/v2\/comments?post=1221801"}],"version-history":[{"count":0,"href":"https:\/\/www.acapulcopress.com\/index.php\/wp-json\/wp\/v2\/posts\/1221801\/revisions"}],"wp:featuredmedia":[{"embeddable":true,"href":"https:\/\/www.acapulcopress.com\/index.php\/wp-json\/"}],"wp:attachment":[{"href":"https:\/\/www.acapulcopress.com\/index.php\/wp-json\/wp\/v2\/media?parent=1221801"}],"wp:term":[{"taxonomy":"category","embeddable":true,"href":"https:\/\/www.acapulcopress.com\/index.php\/wp-json\/wp\/v2\/categories?post=1221801"},{"taxonomy":"post_tag","embeddable":true,"href":"https:\/\/www.acapulcopress.com\/index.php\/wp-json\/wp\/v2\/tags?post=1221801"}],"curies":[{"name":"wp","href":"https:\/\/api.w.org\/{rel}","templated":true}]}}