{"id":1221832,"date":"2021-03-02T00:07:02","date_gmt":"2021-03-02T06:07:02","guid":{"rendered":"https:\/\/www.acapulcopress.com\/?p=1221832"},"modified":"2021-03-02T00:07:02","modified_gmt":"2021-03-02T06:07:02","slug":"amarillo-no-es-verde-la-emergencia-sanitaria-por-covid19-continua-gobernador-astudillo","status":"publish","type":"post","link":"https:\/\/www.acapulcopress.com\/index.php\/2021\/03\/02\/amarillo-no-es-verde-la-emergencia-sanitaria-por-covid19-continua-gobernador-astudillo\/","title":{"rendered":"\u00abAmarillo no es verde, la emergencia sanitaria por Covid19 contin\u00faa\u00bb | Gobernador Astudillo"},"content":{"rendered":"<p style=\"text-align: justify;\">CHILPANCINGO. * 1 de marzo de 2021.<br \/>\n<em>]\u00a0Gobierno de Guerrero.<\/em><\/p>\n<p style=\"text-align: justify;\">El gobierno del estado intensificar\u00e1 en los municipios con vocaci\u00f3n tur\u00edstica acciones de capacitaci\u00f3n entre los prestadores de servicios tur\u00edsticos para frenar contagios por Covid-19, as\u00ed como las campa\u00f1as de sanitizaci\u00f3n y de concientizaci\u00f3n para evitar aglomeraciones ante la entrada en vigor el d\u00eda de hoy del sem\u00e1foro amarillo en Guerrero, establecido por el gobierno federal y la cercan\u00eda de las vacaciones de Semana Santa.<\/p>\n<p style=\"text-align: justify;\">En la transmisi\u00f3n diaria para informar a la poblaci\u00f3n guerrerense de la situaci\u00f3n en que se encuentra el estado por la emergencia sanitaria, el gobernador H\u00e9ctor Astudillo Flores se\u00f1al\u00f3 que en el pa\u00eds 20 estados est\u00e1n en amarillo, no es una circunstancia exclusiva de Guerrero, por lo que llam\u00f3 a continuar tomando las medidas sanitarias preventivas \u201cporque amarillo no es verde\u201d.<\/p>\n<p style=\"text-align: justify;\">Asimismo, dijo que se publicaron en el Peri\u00f3dico Oficial las nuevas disposiciones y aforos con la entrada en vigor del sem\u00e1foro amarillo, el cual se mantendr\u00e1 del 01 al 14 de marzo, entre las que destacan que los hoteles y establecimientos de alojamiento temporal mantendr\u00e1n el 50 por ciento de su capacidad; playas, club de playa, balnearios, yates de recreo, servicios n\u00e1uticos, deportes acu\u00e1ticos y albercas p\u00fablicas al 50 por ciento.<\/p>\n<p style=\"text-align: justify;\">Persiste la suspensi\u00f3n de venta e ingreso de alimentos y bebidas en \u00e1reas de playa manteniendo las medidas de los protocolos sanitarios, uso obligatorio de cubrebocas, evitar aglomeraciones y mantener sana distancia; el servicio de transporte p\u00fablico, supermercados, tiendas de autoservicios, tiendas departamentales, centros comerciales, almacenes, tiendas de conveniencia, barber\u00edas y est\u00e9ticas tienen permitido como m\u00e1ximo el 50 por ciento de su aforo total.<\/p>\n<p style=\"text-align: justify;\">Por su parte, el secretario de Salud, Carlos de la Pe\u00f1a Pintos, inform\u00f3 que la hospitalizaci\u00f3n va a la baja, el d\u00eda de hoy se registraron 35 nuevos casos de Covid-19 en la entidad, hay 620 casos activos, 227 hospitalizados de los cuales 47 est\u00e1n intubados, con un total de 35 mil 352 casos confirmados acumulados.<\/p>\n<p style=\"text-align: justify;\">Asimismo, dijo que se han registrado un total de 3 mil 641 defunciones por Covid-19, de las cuales en el mes de febrero se registraron 619 decesos, un promedio de 22.1 por d\u00eda.<\/p>\n","protected":false},"excerpt":{"rendered":"<p>CHILPANCINGO. * 1 de marzo de 2021. ]\u00a0Gobierno de Guerrero. El gobierno del estado intensificar\u00e1 en los municipios con vocaci\u00f3n tur\u00edstica acciones de capacitaci\u00f3n entre los prestadores de servicios tur\u00edsticos para frenar contagios por Covid-19, as\u00ed como las campa\u00f1as de sanitizaci\u00f3n y de concientizaci\u00f3n para evitar aglomeraciones ante la entrada en vigor el d\u00eda de&#8230;<\/p>\n","protected":false},"author":2,"featured_media":1221833,"comment_status":"closed","ping_status":"closed","sticky":false,"template":"","format":"standard","meta":{"footnotes":""},"categories":[18573,1983],"tags":[5185,6705,9302,9705,12964,14490,15170,16008,16242,16421,16449,17697],"class_list":["post-1221832","post","type-post","status-publish","format-standard","has-post-thumbnail","hentry","category-goverment","category-guerrerogob","tag-carlos-de-la-pena-pintos","tag-covid19","tag-gobierno-de-guerrero","tag-hector-astudillo-flores","tag-mesa-de-coordinacion-para-la-construccion-de-la-paz","tag-periodico-oficial-de-guerrero","tag-quedate-en-casa","tag-sana-distancia","tag-secretaria-de-salud-de-guerrero-ssg","tag-semaforo-de-riesgo-covid19","tag-semana-santa-2021","tag-uso-obligatorio-de-cubrebocas"],"_links":{"self":[{"href":"https:\/\/www.acapulcopress.com\/index.php\/wp-json\/wp\/v2\/posts\/1221832","targetHints":{"allow":["GET"]}}],"collection":[{"href":"https:\/\/www.acapulcopress.com\/index.php\/wp-json\/wp\/v2\/posts"}],"about":[{"href":"https:\/\/www.acapulcopress.com\/index.php\/wp-json\/wp\/v2\/types\/post"}],"author":[{"embeddable":true,"href":"https:\/\/www.acapulcopress.com\/index.php\/wp-json\/wp\/v2\/users\/2"}],"replies":[{"embeddable":true,"href":"https:\/\/www.acapulcopress.com\/index.php\/wp-json\/wp\/v2\/comments?post=1221832"}],"version-history":[{"count":0,"href":"https:\/\/www.acapulcopress.com\/index.php\/wp-json\/wp\/v2\/posts\/1221832\/revisions"}],"wp:featuredmedia":[{"embeddable":true,"href":"https:\/\/www.acapulcopress.com\/index.php\/wp-json\/"}],"wp:attachment":[{"href":"https:\/\/www.acapulcopress.com\/index.php\/wp-json\/wp\/v2\/media?parent=1221832"}],"wp:term":[{"taxonomy":"category","embeddable":true,"href":"https:\/\/www.acapulcopress.com\/index.php\/wp-json\/wp\/v2\/categories?post=1221832"},{"taxonomy":"post_tag","embeddable":true,"href":"https:\/\/www.acapulcopress.com\/index.php\/wp-json\/wp\/v2\/tags?post=1221832"}],"curies":[{"name":"wp","href":"https:\/\/api.w.org\/{rel}","templated":true}]}}