{"id":1221840,"date":"2021-03-02T00:19:40","date_gmt":"2021-03-02T06:19:40","guid":{"rendered":"https:\/\/www.acapulcopress.com\/?p=1221840"},"modified":"2021-03-02T00:19:40","modified_gmt":"2021-03-02T06:19:40","slug":"homicidios-dolosos-en-guerrero-disminuyeron-15-10-en-febrero","status":"publish","type":"post","link":"https:\/\/www.acapulcopress.com\/index.php\/2021\/03\/02\/homicidios-dolosos-en-guerrero-disminuyeron-15-10-en-febrero\/","title":{"rendered":"Homicidios dolosos en Guerrero disminuyeron 15.10% en febrero"},"content":{"rendered":"<p style=\"text-align: justify;\">CHILPANCINGO. * 1 de marzo de 2021.<br \/>\n<em>]\u00a0Gobierno de Guerrero.<\/em><\/p>\n<p style=\"text-align: justify;\">En la sesi\u00f3n de la Mesa de Coordinaci\u00f3n para la Construcci\u00f3n de la Paz de este lunes se inform\u00f3 que el Secretariado Ejecutivo del Sistema Nacional de Seguridad P\u00fablica (SESNSP), dio a conocer que Guerrero cerr\u00f3 el mes de febrero con una reducci\u00f3n en los indicadores delictivos del 15.10 por ciento comparado con el mismo periodo del a\u00f1o 2020.<\/p>\n<p style=\"text-align: justify;\"><img loading=\"lazy\" decoding=\"async\" class=\"alignleft size-medium wp-image-1221842\" src=\"https:\/\/www.acapulco.press\/wp-content\/uploads\/2021\/03\/GRO-HOMICIDIOS-375x250.jpeg\" alt=\"\" width=\"375\" height=\"250\" \/>Con estas cifras el estado se mantiene en el d\u00e9cimo lugar por cifras absolutas en homicidios dolosos, luego de que hace m\u00e1s de cinco a\u00f1os ocupaba los primeros lugares a nivel nacional en delitos de alto impacto.<\/p>\n<p style=\"text-align: justify;\">En la sesi\u00f3n, el gobernador H\u00e9ctor Astudillo Flores abord\u00f3 diversos temas prioritarios para continuar reduciendo los \u00edndices delictivos y reforzar la estrategia de seguridad para el estado, con el fin de continuar en la ruta de la gobernabilidad y garantizar la tranquilidad de la poblaci\u00f3n a trav\u00e9s de un trabajo coordinado.<\/p>\n<p style=\"text-align: justify;\">Asimismo, el secretario de Seguridad P\u00fablica, David Portillo Menchaca, se\u00f1al\u00f3 que se brind\u00f3 atenci\u00f3n a la comunidad de Jaleaca de Catal\u00e1n, municipio de Chilpancingo a trav\u00e9s de acciones de reconocimiento a\u00e9reo por la zona para disuadir cualquier acci\u00f3n delincuencial.<\/p>\n<p style=\"text-align: justify;\">Adem\u00e1s, detall\u00f3 que el gobierno del estado con el apoyo de la Secretar\u00eda de la Defensa Nacional a trav\u00e9s del comandante de la Novena Regi\u00f3n Militar, Eufemio Ibarra Flores y la Guardia Nacional en Guerrero, que coordina el comisario Lucio Vergara G\u00f3mez, brind\u00f3 atenci\u00f3n social y de seguridad en comunidades de Coyuca de Catal\u00e1n, principalmente en El Pescado y Guajes de Ayala.<\/p>\n<p style=\"text-align: justify;\">Por su parte, el secretario de Turismo, Ernesto Rodr\u00edguez Escalona, inform\u00f3 el comportamiento tur\u00edstico en el estado este fin de semana, que registr\u00f3 un incremento en la afluencia de visitantes, y a\u00f1adi\u00f3 que el sector tur\u00edstico en general est\u00e1 complacido por la entrada del Sem\u00e1foro Amarillo, con las acciones sanitarias necesarias y la reactivaci\u00f3n econ\u00f3mica en el estado.<\/p>\n<p style=\"text-align: justify;\">Destac\u00f3 que se mantuvieron los operativos en zonas tur\u00edsticas, entregando cubrebocas, exhortando a los turistas en las playa a respetar las medidas sanitarias como lo instruy\u00f3 el gobernador H\u00e9ctor Astudillo Flores, de no bajar la guardia contra la pandemia.<\/p>\n<p style=\"text-align: justify;\">Estuvieron presentes, el comandante de la Novena Regi\u00f3n Militar, Eufemio Alberto Ibarra Flores; el comandante de la Octava Regi\u00f3n Naval Militar, Julio C\u00e9sar Pescina \u00c1vila; el secretario General de Gobierno, Florencio Salazar Adame; el comandante de la 35 zona Militar, Miguel \u00c1ngel Aguirre Lara; el comandante de la 27 zona Militar, Federico San Juan Rosales; el coordinador Estatal de la Guardia Nacional, Lucio Vergara G\u00f3mez.<\/p>\n<p style=\"text-align: justify;\">El delegado Federal en Guerrero, Iv\u00e1n Hern\u00e1ndez D\u00edaz; el delegado de la FGR, Fernando Garc\u00eda Fern\u00e1ndez; el presidente de la Comisi\u00f3n Estatal de Derechos Humanos, Ram\u00f3n Navarrete Magdaleno; el fiscal General del Estado, Jorge Zuriel de los Santos Barrila; el secretario T\u00e9cnico, Hermes Teodoro Gonz\u00e1lez; el representante del Centro Nacional de Inteligencia, Juan Gabriel Sosa Pintos; el presidente de Coparmex Chilpancingo, Joel Moreno Temelo; el subsecretario de Asuntos Pol\u00edticos, Mart\u00edn Maldonado del Moral, entre otros funcionarios estatales y federales.<\/p>\n","protected":false},"excerpt":{"rendered":"<p>CHILPANCINGO. * 1 de marzo de 2021. ]\u00a0Gobierno de Guerrero. En la sesi\u00f3n de la Mesa de Coordinaci\u00f3n para la Construcci\u00f3n de la Paz de este lunes se inform\u00f3 que el Secretariado Ejecutivo del Sistema Nacional de Seguridad P\u00fablica (SESNSP), dio a conocer que Guerrero cerr\u00f3 el mes de febrero con una reducci\u00f3n en los&#8230;<\/p>\n","protected":false},"author":2,"featured_media":1221841,"comment_status":"closed","ping_status":"closed","sticky":false,"template":"","format":"standard","meta":{"footnotes":""},"categories":[18573,1983],"tags":[6705,9302,9705,12964,16323,16421],"class_list":["post-1221840","post","type-post","status-publish","format-standard","has-post-thumbnail","hentry","category-goverment","category-guerrerogob","tag-covid19","tag-gobierno-de-guerrero","tag-hector-astudillo-flores","tag-mesa-de-coordinacion-para-la-construccion-de-la-paz","tag-secretariado-ejecutivo-del-sistema-nacional-de-seguridad-publica-sesnsp","tag-semaforo-de-riesgo-covid19"],"_links":{"self":[{"href":"https:\/\/www.acapulcopress.com\/index.php\/wp-json\/wp\/v2\/posts\/1221840","targetHints":{"allow":["GET"]}}],"collection":[{"href":"https:\/\/www.acapulcopress.com\/index.php\/wp-json\/wp\/v2\/posts"}],"about":[{"href":"https:\/\/www.acapulcopress.com\/index.php\/wp-json\/wp\/v2\/types\/post"}],"author":[{"embeddable":true,"href":"https:\/\/www.acapulcopress.com\/index.php\/wp-json\/wp\/v2\/users\/2"}],"replies":[{"embeddable":true,"href":"https:\/\/www.acapulcopress.com\/index.php\/wp-json\/wp\/v2\/comments?post=1221840"}],"version-history":[{"count":0,"href":"https:\/\/www.acapulcopress.com\/index.php\/wp-json\/wp\/v2\/posts\/1221840\/revisions"}],"wp:featuredmedia":[{"embeddable":true,"href":"https:\/\/www.acapulcopress.com\/index.php\/wp-json\/"}],"wp:attachment":[{"href":"https:\/\/www.acapulcopress.com\/index.php\/wp-json\/wp\/v2\/media?parent=1221840"}],"wp:term":[{"taxonomy":"category","embeddable":true,"href":"https:\/\/www.acapulcopress.com\/index.php\/wp-json\/wp\/v2\/categories?post=1221840"},{"taxonomy":"post_tag","embeddable":true,"href":"https:\/\/www.acapulcopress.com\/index.php\/wp-json\/wp\/v2\/tags?post=1221840"}],"curies":[{"name":"wp","href":"https:\/\/api.w.org\/{rel}","templated":true}]}}