{"id":1221848,"date":"2021-03-02T00:27:44","date_gmt":"2021-03-02T06:27:44","guid":{"rendered":"https:\/\/www.acapulcopress.com\/?p=1221848"},"modified":"2021-03-02T00:27:44","modified_gmt":"2021-03-02T06:27:44","slug":"aspiro-que-a-guerrero-le-vaya-bien-despues-que-deje-de-ser-gobernador-y-no-dejar-obras-inconclusas-astudillo","status":"publish","type":"post","link":"https:\/\/www.acapulcopress.com\/index.php\/2021\/03\/02\/aspiro-que-a-guerrero-le-vaya-bien-despues-que-deje-de-ser-gobernador-y-no-dejar-obras-inconclusas-astudillo\/","title":{"rendered":"Aspiro a que a Guerrero le vaya bien despu\u00e9s de ser gobernador y no dejar obras inconclusas | Astudillo"},"content":{"rendered":"<p style=\"text-align: justify;\">CHILPANCINGO. * 1 de marzo de 2021.<br \/>\n<em>]\u00a0Gobierno de Guerrero.<\/em><\/p>\n<p style=\"text-align: justify;\">Al tomar protesta al Comit\u00e9 Directivo de la C\u00e1mara Mexicana de la Industria de la Construcci\u00f3n delegaci\u00f3n Guerrero (CMIC), el gobernador H\u00e9ctor Astudillo Flores afirm\u00f3 que aspira a hacer una buena entrega- recepci\u00f3n con el nuevo gobierno que entrar\u00e1 en funciones en octubre y a no dejar obras inconclusas que se inicien en este \u00faltimo tramo de su administraci\u00f3n.<\/p>\n<p style=\"text-align: justify;\"><img loading=\"lazy\" decoding=\"async\" class=\"alignleft size-medium wp-image-1221850\" src=\"https:\/\/www.acapulco.press\/wp-content\/uploads\/2021\/03\/oabras-haf2-375x230.jpeg\" alt=\"\" width=\"375\" height=\"230\" \/>Durante este encuentro con los integrantes de la CMIC, encabezados por su presidente, Jos\u00e9 Alberto D\u00edaz Servin, qui\u00e9n ser\u00e1 el que encabece el Comit\u00e9, Astudillo Flores consider\u00f3 que la responsabilidad del futuro gobernador o gobernadora de Guerrero, va a ser poner los cimientos de c\u00f3mo salir de los efectos econ\u00f3micos y de salud por la pandemia del Covid-19.<\/p>\n<p style=\"text-align: justify;\">El ejecutivo guerrerense apunt\u00f3 que ha tratado de estar al frente del estado en estos tiempos complicados con responsabilidad, admitiendo que hasta el momento no se alcanza a ver hasta d\u00f3nde va a ser el da\u00f1o de esta pandemia.<\/p>\n<p style=\"text-align: justify;\">Celebr\u00f3 que la industria de la construcci\u00f3n se haya declarado una actividad esencial, ya que esto permiti\u00f3 tener movimiento econ\u00f3mico y empleos.<\/p>\n<p style=\"text-align: justify;\">En ese sentido, les anunci\u00f3 que en lo que corresponde a su gobierno, lo que se ha programado en los fondos para la construcci\u00f3n, se seguir\u00e1n ejerciendo hasta el mes de septiembre.<\/p>\n<p style=\"text-align: justify;\">Detall\u00f3 que el \u00faltimo trimestre lo dejar\u00e1n etiquetado y con el dinero reservado para que se ejecute, de tal manera que no ser\u00e1 eso un problema para el pr\u00f3ximo gobernador o gobernadora, en tanto, asegur\u00f3, es un prop\u00f3sito suyo que ninguna obra quede inconclusa o pendiente.<\/p>\n<p style=\"text-align: justify;\">\u201cQue en todas las obras que se programen se terminen bien, esa es una aspiraci\u00f3n tambi\u00e9n, que ustedes participen, que tengan movimiento, trabajo, porque teniendo ustedes trabajo, dan empleos\u201d, coment\u00f3.<\/p>\n<p style=\"text-align: justify;\">Otra de sus aspiraciones, dijo, es tener una buena entrega- recepci\u00f3n, pues no quiere irse sin que las cosas sigan caminando y \u201ca lo que aspiro, es que a Guerrero, a mi tierra, le vaya bien despu\u00e9s de que yo deje de ser gobernador y quien llegue, que haga mejor las cosas de lo que yo he intentado hacerlo\u201d, puntualiz\u00f3.<\/p>\n<p style=\"text-align: justify;\">Record\u00f3 que en su campa\u00f1a a gobernador se reuni\u00f3 con integrantes de la CMIC, a quienes propuso que las obras se le encargaran a empresas guerrerenses, lo que hasta el momento ha cumplido y lo seguir\u00e1 cumpliendo hasta el \u00faltimo d\u00eda de su mandato.<\/p>\n<p style=\"text-align: justify;\">Por su parte, el presidente de la CMIC Delegaci\u00f3n Guerrero, Jos\u00e9 Alberto D\u00edaz Servin agradeci\u00f3 el apoyo que han tenido del gobernador H\u00e9ctor Astudillo Flores a esta organizaci\u00f3n, que a nivel nacional es la segunda m\u00e1s grande en n\u00famero de afiliados.<\/p>\n<p style=\"text-align: justify;\">Reconoci\u00f3 que durante estos tiempos de la pandemia, el ejecutivo guerrerense fue su mejor aliado para la reapertura de las obras, lo que les permiti\u00f3 conservar miles de empleos.<\/p>\n<p style=\"text-align: justify;\">\u201cDe la mano de su gobierno, se logr\u00f3 llevar el sustento econ\u00f3mico a m\u00e1s de 14 mil familias\u201d.<\/p>\n<p style=\"text-align: justify;\">Acompa\u00f1aron en esta toma de protesta al gobernador, el secretario de Finanzas y Administraci\u00f3n, Tulio Samuel P\u00e9rez Calvo; el encargado de despacho de la Secretar\u00eda de Desarrollo Urbano, Obras P\u00fablicas y Ordenamiento Territorial, Cozovi Ocampo Guzm\u00e1n; as\u00ed como el director de la Comisi\u00f3n de Infraestructura Carretera y Aeroportuaria del Estado de Guerrero, Javier Taja Ram\u00edrez.<\/p>\n","protected":false},"excerpt":{"rendered":"<p>CHILPANCINGO. * 1 de marzo de 2021. ]\u00a0Gobierno de Guerrero. Al tomar protesta al Comit\u00e9 Directivo de la C\u00e1mara Mexicana de la Industria de la Construcci\u00f3n delegaci\u00f3n Guerrero (CMIC), el gobernador H\u00e9ctor Astudillo Flores afirm\u00f3 que aspira a hacer una buena entrega- recepci\u00f3n con el nuevo gobierno que entrar\u00e1 en funciones en octubre y a&#8230;<\/p>\n","protected":false},"author":2,"featured_media":1221849,"comment_status":"closed","ping_status":"closed","sticky":false,"template":"","format":"standard","meta":{"footnotes":""},"categories":[18573,1983],"tags":[5001,6705,9302,9705,12964,16421],"class_list":["post-1221848","post","type-post","status-publish","format-standard","has-post-thumbnail","hentry","category-goverment","category-guerrerogob","tag-camara-mexicana-de-la-industria-de-la-construccion","tag-covid19","tag-gobierno-de-guerrero","tag-hector-astudillo-flores","tag-mesa-de-coordinacion-para-la-construccion-de-la-paz","tag-semaforo-de-riesgo-covid19"],"_links":{"self":[{"href":"https:\/\/www.acapulcopress.com\/index.php\/wp-json\/wp\/v2\/posts\/1221848","targetHints":{"allow":["GET"]}}],"collection":[{"href":"https:\/\/www.acapulcopress.com\/index.php\/wp-json\/wp\/v2\/posts"}],"about":[{"href":"https:\/\/www.acapulcopress.com\/index.php\/wp-json\/wp\/v2\/types\/post"}],"author":[{"embeddable":true,"href":"https:\/\/www.acapulcopress.com\/index.php\/wp-json\/wp\/v2\/users\/2"}],"replies":[{"embeddable":true,"href":"https:\/\/www.acapulcopress.com\/index.php\/wp-json\/wp\/v2\/comments?post=1221848"}],"version-history":[{"count":0,"href":"https:\/\/www.acapulcopress.com\/index.php\/wp-json\/wp\/v2\/posts\/1221848\/revisions"}],"wp:featuredmedia":[{"embeddable":true,"href":"https:\/\/www.acapulcopress.com\/index.php\/wp-json\/"}],"wp:attachment":[{"href":"https:\/\/www.acapulcopress.com\/index.php\/wp-json\/wp\/v2\/media?parent=1221848"}],"wp:term":[{"taxonomy":"category","embeddable":true,"href":"https:\/\/www.acapulcopress.com\/index.php\/wp-json\/wp\/v2\/categories?post=1221848"},{"taxonomy":"post_tag","embeddable":true,"href":"https:\/\/www.acapulcopress.com\/index.php\/wp-json\/wp\/v2\/tags?post=1221848"}],"curies":[{"name":"wp","href":"https:\/\/api.w.org\/{rel}","templated":true}]}}