{"id":1221856,"date":"2021-03-02T00:41:49","date_gmt":"2021-03-02T06:41:49","guid":{"rendered":"https:\/\/www.acapulcopress.com\/?p=1221856"},"modified":"2021-03-02T00:41:49","modified_gmt":"2021-03-02T06:41:49","slug":"firma-gobernador-de-guerrero-el-acuerdo-nacional-por-la-democracia-propuesto-por-amlo","status":"publish","type":"post","link":"https:\/\/www.acapulcopress.com\/index.php\/2021\/03\/02\/firma-gobernador-de-guerrero-el-acuerdo-nacional-por-la-democracia-propuesto-por-amlo\/","title":{"rendered":"Firma Gobernador de Guerrero \u00abAcuerdo Nacional por la Democracia\u00bb propuesto por AMLO"},"content":{"rendered":"<p style=\"text-align: justify;\">CHILPANCINGO. * 1 de marzo de 2021.<br \/>\n<em>]\u00a0Gobierno de Guerrero.<\/em><\/p>\n<p style=\"text-align: justify;\">Al firmar el Acuerdo Nacional por la Democracia planteado por el Presidente Andr\u00e9s Manuel L\u00f3pez Obrador, el gobernador H\u00e9ctor Astudillo Flores enfatiz\u00f3 que en Guerrero el respeto a la voluntad ciudadana es el fundamento de la vida institucional, \u201cdeseamos que el proceso electoral se realice conforme a lo establecido en el marco jur\u00eddico y contribuyamos al sano desarrollo de nuestra vida democr\u00e1tica en el marco de nuestras instituciones\u201d.<\/p>\n<p style=\"text-align: justify;\">\u201cFirm\u00f3 el documento que va como respuesta al Presidente de la Rep\u00fablica, en donde haremos todo lo que nos corresponda para que los comicios se realicen en los t\u00e9rminos planteados por usted se\u00f1or Presidente\u201d, se\u00f1al\u00f3.<\/p>\n<p style=\"text-align: justify;\">Dijo que en el documento el Presidente de la Rep\u00fablica hace una serie de reflexiones hist\u00f3ricas, y convoca a que se establezca el Acuerdo Nacional por la Democracia y su efectiva ejecuci\u00f3n para establecer una democracia de manera perdurable.<\/p>\n<p style=\"text-align: justify;\">H\u00e9ctor Astudillo record\u00f3 que recientemente encabez\u00f3 una reuni\u00f3n de gabinete donde convoc\u00f3 a todos los funcionarios estatales a ser respetuosos y cuidadosos del momento electoral, y les manifest\u00f3 que quien tuviera inter\u00e9s en participar o ayudar en alguna actividad electoral, de la manera m\u00e1s responsable presentara su renuncia.<\/p>\n<p style=\"text-align: justify;\">Inform\u00f3 que este martes tendr\u00e1 una reuni\u00f3n con los alcaldes a efecto de convocar a todos a que cada quien ponga su parte y sean respetuosos del marco del derecho en el proceso electoral, \u201charemos los exhortos correspondientes tambi\u00e9n a los presidentes municipales y a las presidentas municipales\u201d.<\/p>\n<p style=\"text-align: justify;\">Asimismo, dijo que del 23 al 26 de febrero el secretario General de Gobierno, Florencio Salazar Adame, llev\u00f3 a cabo reuniones con servidores p\u00fablicos de diversas dependencias de la administraci\u00f3n p\u00fablica estatal en la que se fij\u00f3 la postura gubernamental de abstenerse de intervenir en las campa\u00f1as pol\u00edticos electorales.<\/p>\n","protected":false},"excerpt":{"rendered":"<p>CHILPANCINGO. * 1 de marzo de 2021. ]\u00a0Gobierno de Guerrero. Al firmar el Acuerdo Nacional por la Democracia planteado por el Presidente Andr\u00e9s Manuel L\u00f3pez Obrador, el gobernador H\u00e9ctor Astudillo Flores enfatiz\u00f3 que en Guerrero el respeto a la voluntad ciudadana es el fundamento de la vida institucional, \u201cdeseamos que el proceso electoral se realice&#8230;<\/p>\n","protected":false},"author":2,"featured_media":1221857,"comment_status":"closed","ping_status":"closed","sticky":false,"template":"","format":"standard","meta":{"footnotes":""},"categories":[18573,1983],"tags":[3234,3896,6705,9302,9705,16421],"class_list":["post-1221856","post","type-post","status-publish","format-standard","has-post-thumbnail","hentry","category-goverment","category-guerrerogob","tag-acuerdo-nacional-por-la-democracia","tag-andres-manuel-lopez-obrador","tag-covid19","tag-gobierno-de-guerrero","tag-hector-astudillo-flores","tag-semaforo-de-riesgo-covid19"],"_links":{"self":[{"href":"https:\/\/www.acapulcopress.com\/index.php\/wp-json\/wp\/v2\/posts\/1221856","targetHints":{"allow":["GET"]}}],"collection":[{"href":"https:\/\/www.acapulcopress.com\/index.php\/wp-json\/wp\/v2\/posts"}],"about":[{"href":"https:\/\/www.acapulcopress.com\/index.php\/wp-json\/wp\/v2\/types\/post"}],"author":[{"embeddable":true,"href":"https:\/\/www.acapulcopress.com\/index.php\/wp-json\/wp\/v2\/users\/2"}],"replies":[{"embeddable":true,"href":"https:\/\/www.acapulcopress.com\/index.php\/wp-json\/wp\/v2\/comments?post=1221856"}],"version-history":[{"count":0,"href":"https:\/\/www.acapulcopress.com\/index.php\/wp-json\/wp\/v2\/posts\/1221856\/revisions"}],"wp:featuredmedia":[{"embeddable":true,"href":"https:\/\/www.acapulcopress.com\/index.php\/wp-json\/"}],"wp:attachment":[{"href":"https:\/\/www.acapulcopress.com\/index.php\/wp-json\/wp\/v2\/media?parent=1221856"}],"wp:term":[{"taxonomy":"category","embeddable":true,"href":"https:\/\/www.acapulcopress.com\/index.php\/wp-json\/wp\/v2\/categories?post=1221856"},{"taxonomy":"post_tag","embeddable":true,"href":"https:\/\/www.acapulcopress.com\/index.php\/wp-json\/wp\/v2\/tags?post=1221856"}],"curies":[{"name":"wp","href":"https:\/\/api.w.org\/{rel}","templated":true}]}}