{"id":1221863,"date":"2021-03-02T18:02:33","date_gmt":"2021-03-03T00:02:33","guid":{"rendered":"https:\/\/www.acapulcopress.com\/?p=1221863"},"modified":"2021-03-02T18:02:33","modified_gmt":"2021-03-03T00:02:33","slug":"chamaqueada-de-mario-delgado-ratifica-a-felix-como-candidato-a-gobernador","status":"publish","type":"post","link":"https:\/\/www.acapulcopress.com\/index.php\/2021\/03\/02\/chamaqueada-de-mario-delgado-ratifica-a-felix-como-candidato-a-gobernador\/","title":{"rendered":"&#8216;Chamaqueada&#8217; de Mario Delgado ratifica a #F\u00e9lix como candidato a Gobernador"},"content":{"rendered":"<p style=\"text-align: justify;\"><em>* La &#8216;chamaqueada&#8217; de Mario saldr\u00e1 cara, \u00abnos vemos el 8 de marzo y 6 de junio\u00bb, advierten feministas. <\/em><\/p>\n<p><strong><em>* De nada servir\u00e1 que los aspirantes &#8216;chamaqueados&#8217; esperen el resultado de la &#8216;nueva encuesta&#8217;&#8230; \u00ab\u00a1ya se los carg\u00f3 Mario!\u00bb<\/em><\/strong><\/p>\n<p><em>* \u00ab\u00a1Y de dec\u00edan diferentes!\u00bb&#8230; pero Mario Delgado y Morena siguen con los mismos vicios y triqui\u00f1uelas del &#8216;Prian&#8217;; \u00ab\u00bfd\u00f3nde est\u00e1 el respeto a la voluntad popular y el respeto por la justicia y a las mujeres y sus derechos?\u00bb, cuestiona la Vox Populi pensante.<\/em><\/p>\n<p style=\"text-align: justify;\">Jiribilla Coste\u00f1a<br \/>\n<strong>\u00bb El Brujo Chiripero.<\/strong><br \/>\n<em>Acapulco Press.<\/em><\/p>\n<p style=\"text-align: justify;\">Desde hoy, 2 de marzo de 2021, F\u00e9lix Salgado Macedonio es ya Candidato Oficial de Morena al Gobierno de Guerrero, sin necesidad de \u2018nueva encuesta\u2019.<\/p>\n<p style=\"text-align: justify;\">\u00a1Qu\u00e9 pena por los \u2018chamaqueados\u2019 con la \u2018nueva encuesta\u2019 de Mario Delgado y la Comisi\u00f3n Nacional de Elecciones de Morena!<\/p>\n<p style=\"text-align: justify;\">Seg\u00fan el Calendario Electoral 2021, emitido en tiempo y forma por el Instituto Electoral y Participaci\u00f3n Ciudadana del Estado de Guerrero (IEPCGro), el registro de candidatos a gobernadores fue del 15 de febrero al 1 de marzo. \u00a1F\u00e9lix Salgado fue el primero en ser registrado por Morena Guerrero, justo al inicio del per\u00edodo formal de registros!<\/p>\n<p style=\"text-align: justify;\">El \u00fanico que evit\u00f3 el adelanto del 28 de diciembre (\u201cD\u00eda de los Santos Inocentes\u201d) del dirigente nacional de Morena fue Pablo Amilcar Sandoval Ballesteros, que se retir\u00f3 a tiempo del proceso de la \u2018nueva encuesta\u2019, consciente de la \u2018chamaqueda\u2019 que se ve\u00eda venir con el nuevo acuerdo del presidente nacional de Morena, Mario Delgado Carrillo, y la Comisi\u00f3n Nacional de Elecciones.<\/p>\n<p style=\"text-align: justify;\">Lo que resta, desde hoy, martes 2 y hasta el 4 de marzo, son solo dict\u00e1menes del IEPCGro a las solicitudes de los candidatos inscritos, seg\u00fan informaci\u00f3n de Nazar\u00edn Vargas Armenta, Consejero Presidente del susodicho \u00f3rgano electoral guerrerense.<\/p>\n<p style=\"text-align: justify;\"><strong>LA &#8216;CHAMAQUEADA&#8217;<\/strong><\/p>\n<p style=\"text-align: justify;\">Con los registros de solicitudes de Ambrosio Guzm\u00e1n Ju\u00e1rez, del Partido Redes Sociales Progresistas (RSP); de Irma Lilia Garz\u00f3n Bernal, del Partido Acci\u00f3n nacional (PAN); Dolores Huerta Valdovinos, del Partido Encuentro Solidario (PES) y Manuel Negrete Arias, por Fuerza por M\u00e9xico (FM), el lunes 1 de marzo termin\u00f3 el per\u00edodo de registros, establecidos en el calendario electoral 2020\/2021, el cual contemplaba las fechas del 15 de febrero al 1 de marzo para que los partidos pol\u00edticos participantes inscribieran a sus candidatos a gobernadores.<\/p>\n<p style=\"text-align: justify;\">El primero en registrarse fue el senador con licencia de Morena, Jos\u00e9 F\u00e9lix Salgado Macedonio, el 15 de febrero; el s\u00e1bado 27, la coalici\u00f3n conformada por el Partido de Trabajo y el Partido Verde Ecologista de M\u00e9xico (PT\/PVEM) registr\u00f3 a Pedro Segura Balladares; el domingo 28 fueron inscritos Ruth Zavaleta Salgado por Movimiento Ciudadano (MC) y Mario Moreno Arcos, por la coalici\u00f3n \u201cVa por Guerrero\u201d, conformada por el Partido Revolucionario Institucional (PRI) y de la Revoluci\u00f3n Democr\u00e1tica (PRD).<\/p>\n<p style=\"text-align: justify;\">Al respecto, Nazar\u00edn Vargas Armenta, Consejero Presidente del IEPC, dio a conocer que con base al Art\u00edculo 189 de la Ley de Instituciones y Procedimientos y los \u00abLineamientos para el Registro de Candidaturas para el Proceso Electoral Ordinario 2020-2021, el Consejo General del Instituto Electoral y Participaci\u00f3n Ciudadana del Estado de Guerrero (IEPCGro), dijo que lo que resta del 2 al 4 de marzo es solo revisi\u00f3n y emisi\u00f3n de los resultados de solicitudes recibidas, pues la campa\u00f1a electoral 2021 inicia formalmente el viernes 5 de marzo y culmina el mi\u00e9rcoles 2 de junio pr\u00f3ximo, 72 horas previas a las votaciones oficiales el domingo 6 de junio de 2021.<\/p>\n<p style=\"text-align: justify;\">Con estos datos oficiales del Calendario Electoral Ordinario 2020\/2021 queda exhibida la &#8216;chamaqueada&#8217;, &#8216;ardid&#8217; o &#8216;jugada maestra&#8217; del presidente nacional de Morena, Mario Delgado Carrillo, y de la Comisi\u00f3n Nacional de Elecciones (CNE) del mismo partido, de acordar convocar a una &#8216;nueva encuesta&#8217; el d\u00eda lunes 1 de marzo, a fin de elegir nuevo candidato de Morena a la gubernatura de Guerrero.<\/p>\n<p style=\"text-align: justify;\">De nada servir\u00e1 que los aspirantes &#8216;chamaqueados&#8217; esperen el resultado de la &#8216;nueva encuesta&#8217;&#8230; \u00a1ya se los carg\u00f3 Mario!<\/p>\n<p style=\"text-align: justify;\">De los 18 aspirantes que jam\u00e1s conocieron los resultados de la primera encuesta que, seg\u00fan Mario Delgado, dio por ganador a F\u00e9lix Salgado, 16 levantaron la mano para participar en la nueva ronda convocada por Delgado y la CNE, excepto Pablo Amilcar Sandoval, quien al olfatear la treta o tras de ser avisado de la misma &#8211;con exactitud se desconoce el m\u00f3vil de su acci\u00f3n&#8211; anunci\u00f3 su retiro del proceso de la nueva encuesta para &#8216;chamaquear&#8217; a los que se quedaron inconformes con la imposici\u00f3n de Salgado Macedonio y tratar de apaciguar los \u00e1nimos de las feministas que exig\u00edan el retiro de la candidatura de F\u00e9lix por los abusos sexuales atribuidos en su contra y por los cuales la Fiscal\u00eda de Guerrero anunci\u00f3 ayer que a\u00fan se perfecciona uno &#8211;con grado de &#8216;doloso&#8217;&#8211; y cuyos resultados ser\u00e1n dados a conocer en su momento, lo que levanta las sospechas medi\u00e1ticas de que, si es adversa a Salgado, se podr\u00eda liberar orden de aprehensi\u00f3n contra Jos\u00e9 F\u00e9lix Salgado Macedonio en pleno cl\u00edmax de su campa\u00f1a.<\/p>\n<p style=\"text-align: justify;\"><strong>LO BUENO EST\u00c0 POR VENIR<\/strong> | <strong>FEMINISTAS<\/strong><\/p>\n<p style=\"text-align: justify;\"><img loading=\"lazy\" decoding=\"async\" class=\"alignnone wp-image-1221366 size-large\" src=\"https:\/\/www.acapulco.press\/wp-content\/uploads\/2021\/02\/FEMINISTAS-VS-FELIX-1-840x629.jpg\" alt=\"\" width=\"840\" height=\"629\" \/><\/p>\n<p style=\"text-align: justify;\">No obstante la \u2018chamaqueada\u2019 de Mario Delgado en su af\u00e1n de apaciguar los \u00e1nimos de las feministas que aclaman la \u2018cabeza del toro\u2019 por los supuestos abusos sexuales que se le imputan, con esta \u2018jugada maestra\u2019 del dirigente nacional de Morena solo se consigui\u00f3 que a partir del 8 de marzo, D\u00eda Internacional de la Mujer, y hasta el 2 de junio, fecha final de las campa\u00f1as electorales, el estado de Guerrero y el pa\u00eds entero sean rehenes de una \u2018revoluci\u00f3n <img loading=\"lazy\" decoding=\"async\" class=\"alignleft size-medium wp-image-1221865\" src=\"https:\/\/www.acapulco.press\/wp-content\/uploads\/2021\/03\/la-consigna-femenista-375x500.jpg\" alt=\"\" width=\"375\" height=\"500\" \/>feministas\u2019 decidida a que \u2018arda lo que tenga que arder\u2019 a fin de impedir que F\u00e9lix Salgado sea Gobernador de Guerrero.<\/p>\n<p style=\"text-align: justify;\">La otra estocada contra el \u2018toro sin cerca\u2019 podr\u00eda venir de Fiscal\u00eda General del Estado (FGE),por la denuncia que por \u2018abuso sexual\u2019 contra una \u2018v\u00edctima de identidad reservada\u2019 a\u00fan se perfecciona, seg\u00fan anunci\u00f3 ayer el fiscal general guerrerense, Jorge Zuriel de los Santos Barrilla, por lo que Morena ni su candidato pueden festejar ni cantar a\u00fan victoria debido a los sucesos que se avecinan y de las cuales la m\u00e1s bochornosa y letal ser\u00eda una posible orden de aprensi\u00f3n en plena campa\u00f1a de parte de la autoridad judicial que a\u00fan perfecciona la denuncia por abuso sexual que mantiene a F\u00e9lix Salgado el \u2018ojo del hurac\u00e1n\u2019 a nivel internacional.<\/p>\n<p style=\"text-align: justify;\">Todo apunta a que saldr\u00e1 cara la &#8216;chamaqueada&#8217; de Mario Delgado. La advertencia feminista est\u00e1 en el aire: \u00abArda lo que tenga que arder, #<em>UnVioladorNoSer\u00e1Gobernador\u00bb,<\/em> \u00abel 6 de junio nos la cobramos\u00bb, consignan a trav\u00e9s de las redes sociales m\u00e1s importantes del momento, como<em> Facebook, Twitter, Instagram, Linkedin, Whatsapp <\/em>y<em> Youtube, <\/em>saturadas de miles de millones de usuarios de diversos lenguajes en el mundo.<br \/>\nwww.<strong>acapulcopress<\/strong>.com<\/p>\n","protected":false},"excerpt":{"rendered":"<p>* La &#8216;chamaqueada&#8217; de Mario saldr\u00e1 cara, \u00abnos vemos el 8 de marzo y 6 de junio\u00bb, advierten feministas. * De nada servir\u00e1 que los aspirantes &#8216;chamaqueados&#8217; esperen el resultado de la &#8216;nueva encuesta&#8217;&#8230; \u00ab\u00a1ya se los carg\u00f3 Mario!\u00bb * \u00ab\u00a1Y de dec\u00edan diferentes!\u00bb&#8230; pero Mario Delgado y Morena siguen con los mismos vicios y&#8230;<\/p>\n","protected":false},"author":2,"featured_media":1221864,"comment_status":"closed","ping_status":"closed","sticky":false,"template":"","format":"standard","meta":{"footnotes":""},"categories":[1972,2069,2008,18582],"tags":[6172,8467,10265,12677,13305,13586],"class_list":["post-1221863","post","type-post","status-publish","format-standard","has-post-thumbnail","hentry","category-special","category-a-contraluz","category-editorial","category-tinta-digital","tag-comision-nacional-de-elecciones-de-morena-cne","tag-felix-salgado-macedonio","tag-instituto-electoral-y-participacion-ciudadana-del-estado-de-guerrero-iepcgro","tag-mario-delgado-carrillo","tag-morena-guerrero","tag-nazarin-vargas-armenta"],"_links":{"self":[{"href":"https:\/\/www.acapulcopress.com\/index.php\/wp-json\/wp\/v2\/posts\/1221863","targetHints":{"allow":["GET"]}}],"collection":[{"href":"https:\/\/www.acapulcopress.com\/index.php\/wp-json\/wp\/v2\/posts"}],"about":[{"href":"https:\/\/www.acapulcopress.com\/index.php\/wp-json\/wp\/v2\/types\/post"}],"author":[{"embeddable":true,"href":"https:\/\/www.acapulcopress.com\/index.php\/wp-json\/wp\/v2\/users\/2"}],"replies":[{"embeddable":true,"href":"https:\/\/www.acapulcopress.com\/index.php\/wp-json\/wp\/v2\/comments?post=1221863"}],"version-history":[{"count":0,"href":"https:\/\/www.acapulcopress.com\/index.php\/wp-json\/wp\/v2\/posts\/1221863\/revisions"}],"wp:featuredmedia":[{"embeddable":true,"href":"https:\/\/www.acapulcopress.com\/index.php\/wp-json\/"}],"wp:attachment":[{"href":"https:\/\/www.acapulcopress.com\/index.php\/wp-json\/wp\/v2\/media?parent=1221863"}],"wp:term":[{"taxonomy":"category","embeddable":true,"href":"https:\/\/www.acapulcopress.com\/index.php\/wp-json\/wp\/v2\/categories?post=1221863"},{"taxonomy":"post_tag","embeddable":true,"href":"https:\/\/www.acapulcopress.com\/index.php\/wp-json\/wp\/v2\/tags?post=1221863"}],"curies":[{"name":"wp","href":"https:\/\/api.w.org\/{rel}","templated":true}]}}