{"id":1221873,"date":"2021-03-02T19:09:48","date_gmt":"2021-03-03T01:09:48","guid":{"rendered":"https:\/\/www.acapulcopress.com\/?p=1221873"},"modified":"2021-03-02T19:09:48","modified_gmt":"2021-03-03T01:09:48","slug":"fge-vincula-a-proceso-a-dos-extorsionadores-de-pantla-y-un-homicida-de-tlapa","status":"publish","type":"post","link":"https:\/\/www.acapulcopress.com\/index.php\/2021\/03\/02\/fge-vincula-a-proceso-a-dos-extorsionadores-de-pantla-y-un-homicida-de-tlapa\/","title":{"rendered":"FGE vincula a proceso a dos extorsionadores de Pantla y un homicida de Tlapa"},"content":{"rendered":"<p style=\"text-align: justify;\">CHILPANCINGO. * 2 de marzo de 2021.<br \/>\n<em>] <a href=\"https:\/\/fiscaliaguerrero.gob.mx\" target=\"_blank\" rel=\"noopener\">https:\/\/fiscaliaguerrero.gob.mx<\/a>.<\/em><\/p>\n<p style=\"text-align: justify;\">El Ministerio P\u00fablico adscrito en Zihuatanejo logr\u00f3 del Juez de Control vinculaci\u00f3n a proceso en contra de Mayami \u00abN\u00bb y Victoriano \u00abN\u00bb, detenidos como probables responsables del delito de Extorsi\u00f3n.<\/p>\n<p style=\"text-align: justify;\">De acuerdo a los hechos, los imputados Victoriano \u00abN\u00bb y Mayami \u00abN\u00bb, cometieron el delito de extorsi\u00f3n en el poblado de Pantla y fueron denunciados ante el Ministerio P\u00fablico en la regi\u00f3n Costa Grande.<\/p>\n<p style=\"text-align: justify;\">En audiencia inicial, ambos en fechas distintas, fueron vinculados a proceso como probables responsables del delito y les fue otorgado un tiempo de tres meses de investigaci\u00f3n complementaria y quedaron bajo la medida cautelar de prisi\u00f3n preventiva justificada, internos en el Centro de Reinserci\u00f3n Social.<\/p>\n<p style=\"text-align: justify;\">Fiscal\u00eda de Guerrero obtiene vinculaci\u00f3n a proceso en contra de Eriberto \u00abN\u00bb por el delito de Homicidio en Tlapa de Comonfort, regi\u00f3n Monta\u00f1a.<\/p>\n<p style=\"text-align: justify;\">ASESINO DE TLAPA VINCULADO A PROCESO<\/p>\n<p style=\"text-align: justify;\"><img loading=\"lazy\" decoding=\"async\" class=\"alignleft size-medium wp-image-1221874\" src=\"https:\/\/www.acapulco.press\/wp-content\/uploads\/2021\/03\/FGE-Heriberto-375x375.jpg\" alt=\"\" width=\"375\" height=\"375\" \/>El Ministerio P\u00fablico en Tlapa de Comonfort aport\u00f3 los datos de prueba y obtuvo la vinculaci\u00f3n a proceso en contra de Eriberto \u00abN\u00bb (Polic\u00eda Preventivo de Tlapa) como probable responsable del delito de Homicidio Calificado en agravio de Miguel \u00abN\u00bb.<\/p>\n<p style=\"text-align: justify;\">De acuerdo a la carpeta judicial C-15\/2021, polic\u00edas preventivos acudieron a un reporte de auxilio; al estar en el lugar de los hechos, el imputado accion\u00f3 el arma contra la v\u00edctima priv\u00e1ndolo de la vida.<\/p>\n<p style=\"text-align: justify;\">En audiencia inicial, el Ministerio P\u00fablico aport\u00f3 los datos de prueba ante el Juez de Control logrando vinculaci\u00f3n a proceso como probable responsable del delito de Homicidio Calificado, estableciendo un plazo de dos meses de investigaci\u00f3n complementaria, quedando interno bajo la medida cautelar de prisi\u00f3n preventiva oficiosa.<\/p>\n","protected":false},"excerpt":{"rendered":"<p>CHILPANCINGO. * 2 de marzo de 2021. ] https:\/\/fiscaliaguerrero.gob.mx. El Ministerio P\u00fablico adscrito en Zihuatanejo logr\u00f3 del Juez de Control vinculaci\u00f3n a proceso en contra de Mayami \u00abN\u00bb y Victoriano \u00abN\u00bb, detenidos como probables responsables del delito de Extorsi\u00f3n. De acuerdo a los hechos, los imputados Victoriano \u00abN\u00bb y Mayami \u00abN\u00bb, cometieron el delito de&#8230;<\/p>\n","protected":false},"author":2,"featured_media":1221875,"comment_status":"closed","ping_status":"closed","sticky":false,"template":"","format":"standard","meta":{"footnotes":""},"categories":[18561,2005],"tags":[8682,10946,14737],"class_list":["post-1221873","post","type-post","status-publish","format-standard","has-post-thumbnail","hentry","category-society-politics","category-seguridad-y-justicia","tag-fiscalia-general-de-guerrero-fge","tag-jorge-zuriel-de-los-santos-barrila","tag-policia-ministerial-de-guerrero"],"_links":{"self":[{"href":"https:\/\/www.acapulcopress.com\/index.php\/wp-json\/wp\/v2\/posts\/1221873","targetHints":{"allow":["GET"]}}],"collection":[{"href":"https:\/\/www.acapulcopress.com\/index.php\/wp-json\/wp\/v2\/posts"}],"about":[{"href":"https:\/\/www.acapulcopress.com\/index.php\/wp-json\/wp\/v2\/types\/post"}],"author":[{"embeddable":true,"href":"https:\/\/www.acapulcopress.com\/index.php\/wp-json\/wp\/v2\/users\/2"}],"replies":[{"embeddable":true,"href":"https:\/\/www.acapulcopress.com\/index.php\/wp-json\/wp\/v2\/comments?post=1221873"}],"version-history":[{"count":0,"href":"https:\/\/www.acapulcopress.com\/index.php\/wp-json\/wp\/v2\/posts\/1221873\/revisions"}],"wp:featuredmedia":[{"embeddable":true,"href":"https:\/\/www.acapulcopress.com\/index.php\/wp-json\/"}],"wp:attachment":[{"href":"https:\/\/www.acapulcopress.com\/index.php\/wp-json\/wp\/v2\/media?parent=1221873"}],"wp:term":[{"taxonomy":"category","embeddable":true,"href":"https:\/\/www.acapulcopress.com\/index.php\/wp-json\/wp\/v2\/categories?post=1221873"},{"taxonomy":"post_tag","embeddable":true,"href":"https:\/\/www.acapulcopress.com\/index.php\/wp-json\/wp\/v2\/tags?post=1221873"}],"curies":[{"name":"wp","href":"https:\/\/api.w.org\/{rel}","templated":true}]}}