{"id":1221886,"date":"2021-03-02T19:34:00","date_gmt":"2021-03-03T01:34:00","guid":{"rendered":"https:\/\/www.acapulcopress.com\/?p=1221886"},"modified":"2021-03-02T19:34:00","modified_gmt":"2021-03-03T01:34:00","slug":"mercedes-benz-presento-modelo-2021-que-usara-hamilton-en-proxima-temporada-de-formula-1","status":"publish","type":"post","link":"https:\/\/www.acapulcopress.com\/index.php\/2021\/03\/02\/mercedes-benz-presento-modelo-2021-que-usara-hamilton-en-proxima-temporada-de-formula-1\/","title":{"rendered":"Mercedes Benz present\u00f3 modelo 2021 que usar\u00e1 Hamilton en pr\u00f3xima temporada de F\u00f3rmula 1"},"content":{"rendered":"<p style=\"text-align: justify;\">BUENOS AIRES. * 2 de marzo de 2021.<br \/>\n<em>]\u00a0<a href=\"https:\/\/www.telam.com.ar\/notas\/202103\/546121-automovilismo-formula-1-mercedes-benz-presentacion-nueva-monoplaza.html\" target=\"_blank\" rel=\"noopener\">T\u00e9lam<\/a>.<\/em><\/p>\n<p style=\"text-align: justify;\">La escuder\u00eda Mercedes present\u00f3 este martes el monoplaza W12 E 2021 Performance, con el que correr\u00e1 el multicampe\u00f3n Lewis Hamilton en la pr\u00f3xima temporada de la F\u00f3rmula 1, que comenzar\u00e1 en Bahrein el 28 de marzo venidero.<\/p>\n<p style=\"text-align: justify;\">El auto mantiene el color negro de fondo con las flechas doradas que lo distinguen, en apoyo al movimiento anti racista \u00abBlack Lives Matter\u00bb que -entre otros- encabez\u00f3 en 2020 el piloto brit\u00e1nico, actual campe\u00f3n de la m\u00e1xima categor\u00eda del automovilismo mundial.<\/p>\n<p style=\"text-align: justify;\">El nuevo monoplaza de Hamilton -siete veces campe\u00f3n del mundo- y de su compa\u00f1ero Valtteri Bottas tiene una novedad: en la parte trasera del cap\u00f3-motor, el color dorado se fundir\u00e1 en degrad\u00e9 hasta convertirse en el plateado ic\u00f3nico de la marca de la estrella, destac\u00f3 Tomas Wolff, jefe de equipo Mercedes.<\/p>\n<p style=\"text-align: justify;\">\u00abLa decoraci\u00f3n de 2020 se convirti\u00f3 en ic\u00f3nica y estamos muy orgullosos de su mensaje\u00bb, dijo Wolff en la presentaci\u00f3n oficial hecha en forma virtual a trav\u00e9s las redes sociales.<\/p>\n<p style=\"text-align: justify;\">Mercedes gan\u00f3 todos los t\u00edtulos desde el inicio de la era \u00abh\u00edbrida\u00bb, en 2014, con un auto muy superior al resto, con el que logr\u00f3 7 t\u00edtulos de constructores consecutivos y 7 coronas de pilotos seguidas: 6 para Lewis Hamilton y una para Nico Rosberg, en 2016.<\/p>\n<p style=\"text-align: justify;\">El nuevo W12 E Performance adapt\u00f3 el dise\u00f1o de su piso a los peque\u00f1os cambios de reglamento de 2021, por el que los coches perder\u00e1n algo de carga aerodin\u00e1mica, y presenta alguna innovaci\u00f3n, como unos soportes de los retrovisores aerodin\u00e1micos en forma de escalera.<\/p>\n<p style=\"text-align: justify;\">El monoplaza de 2020 era dif\u00edcil de mejorar, aunque la f\u00e1brica de Brackley, en busca de la perfecci\u00f3n de forma constante, lo habr\u00e1 intentado, especialmente para tratar de ganar carga aerodin\u00e1mica y mantener un buen drag (resistencia al aire) con los cambios de reglamento de este curso, explicaron desde la escuder\u00eda.<\/p>\n<blockquote class=\"twitter-tweet\">\n<p dir=\"ltr\" lang=\"es\">\u00a1Vamos calentando motores! Les presentamos el W12, nuestro nuevo auto de <a href=\"https:\/\/twitter.com\/hashtag\/F1?src=hash&amp;ref_src=twsrc%5Etfw\">#F1<\/a>, listo para seguir rompiendo todos los r\u00e9cords. \ud83d\ude0d <a href=\"https:\/\/twitter.com\/MercedesAMGF1?ref_src=twsrc%5Etfw\">@MercedesAMGF1<\/a> <a href=\"https:\/\/t.co\/qILEhBqCxk\">pic.twitter.com\/qILEhBqCxk<\/a><\/p>\n<p>\u2014 Mercedes-Benz Arg (@MercedesBenzArg) <a href=\"https:\/\/twitter.com\/MercedesBenzArg\/status\/1366750208911106056?ref_src=twsrc%5Etfw\">March 2, 2021<\/a><\/p><\/blockquote>\n<p style=\"text-align: justify;\"><script async src=\"https:\/\/platform.twitter.com\/widgets.js\" charset=\"utf-8\"><\/script><\/p>\n","protected":false},"excerpt":{"rendered":"<p>BUENOS AIRES. * 2 de marzo de 2021. ]\u00a0T\u00e9lam. La escuder\u00eda Mercedes present\u00f3 este martes el monoplaza W12 E 2021 Performance, con el que correr\u00e1 el multicampe\u00f3n Lewis Hamilton en la pr\u00f3xima temporada de la F\u00f3rmula 1, que comenzar\u00e1 en Bahrein el 28 de marzo venidero. El auto mantiene el color negro de fondo con&#8230;<\/p>\n","protected":false},"author":2,"featured_media":1221887,"comment_status":"closed","ping_status":"closed","sticky":false,"template":"","format":"standard","meta":{"footnotes":""},"categories":[1988,18566],"tags":[8806,11803,12940,13662,18001],"class_list":["post-1221886","post","type-post","status-publish","format-standard","has-post-thumbnail","hentry","category-lifestyles","category-sports-lifestyles","tag-formula-1","tag-lewis-hamilton","tag-mercedes-benz","tag-nico-rosberg","tag-w12-e-performance"],"_links":{"self":[{"href":"https:\/\/www.acapulcopress.com\/index.php\/wp-json\/wp\/v2\/posts\/1221886","targetHints":{"allow":["GET"]}}],"collection":[{"href":"https:\/\/www.acapulcopress.com\/index.php\/wp-json\/wp\/v2\/posts"}],"about":[{"href":"https:\/\/www.acapulcopress.com\/index.php\/wp-json\/wp\/v2\/types\/post"}],"author":[{"embeddable":true,"href":"https:\/\/www.acapulcopress.com\/index.php\/wp-json\/wp\/v2\/users\/2"}],"replies":[{"embeddable":true,"href":"https:\/\/www.acapulcopress.com\/index.php\/wp-json\/wp\/v2\/comments?post=1221886"}],"version-history":[{"count":0,"href":"https:\/\/www.acapulcopress.com\/index.php\/wp-json\/wp\/v2\/posts\/1221886\/revisions"}],"wp:featuredmedia":[{"embeddable":true,"href":"https:\/\/www.acapulcopress.com\/index.php\/wp-json\/"}],"wp:attachment":[{"href":"https:\/\/www.acapulcopress.com\/index.php\/wp-json\/wp\/v2\/media?parent=1221886"}],"wp:term":[{"taxonomy":"category","embeddable":true,"href":"https:\/\/www.acapulcopress.com\/index.php\/wp-json\/wp\/v2\/categories?post=1221886"},{"taxonomy":"post_tag","embeddable":true,"href":"https:\/\/www.acapulcopress.com\/index.php\/wp-json\/wp\/v2\/tags?post=1221886"}],"curies":[{"name":"wp","href":"https:\/\/api.w.org\/{rel}","templated":true}]}}