{"id":1221894,"date":"2021-03-02T10:56:44","date_gmt":"2021-03-02T16:56:44","guid":{"rendered":"https:\/\/www.acapulcopress.com\/?p=1221894"},"modified":"2021-03-02T10:56:44","modified_gmt":"2021-03-02T16:56:44","slug":"fallece-a-los-68-anos-el-humorista-argentino-carlos-sanchez","status":"publish","type":"post","link":"https:\/\/www.acapulcopress.com\/index.php\/2021\/03\/02\/fallece-a-los-68-anos-el-humorista-argentino-carlos-sanchez\/","title":{"rendered":"Fallece a los 68 a\u00f1os el humorista argentino Carlos S\u00e1nchez"},"content":{"rendered":"<p style=\"text-align: justify;\">BUENOS AIRES. * 2 de marzo de 2021.<br \/>\n<em>]\u00a0<a href=\"https:\/\/www.telam.com.ar\/notas\/202103\/546123-muerte-carlos--sanchez-humor.html\" target=\"_blank\" rel=\"noopener\">T\u00e9lam<\/a>.<\/em><\/p>\n<p style=\"text-align: justify;\">El humorista Carlos S\u00e1nchez, quien form\u00f3 parte de ciclos televisivos como \u201cCaf\u00e9 Fashion\u201d, \u201cLa peluquer\u00eda de Don Mateo\u201d y \u201cPetardos\u201d, falleci\u00f3 de c\u00e1ncer a 68 a\u00f1os en el Sanatorio Otamendi, inform\u00f3 la Asociaci\u00f3n Argentina de Actores.<\/p>\n<p style=\"text-align: justify;\">\u201cLamentamos el fallecimiento del actor, humorista y cantante Carlos S\u00e1nchez. Abrazamos a su familia y seres queridos en este triste momento. Fue unos de los m\u00e1s populares humoristas de las \u00faltimas d\u00e9cadas. Desarroll\u00f3 una amplia trayectoria en teatro, televisi\u00f3n, radio y cine\u201d, se\u00f1al\u00f3 un comunicado del gremio.<\/p>\n<p style=\"text-align: justify;\">\u201cEl humor est\u00e1 triste. Falleci\u00f3 Carlos S\u00e1nchez, un c\u00f3mico de cuidado estilo profesional y energ\u00eda siempre positiva. Desaparece un monologuista para extra\u00f1ar\u201d, escribi\u00f3 Carlos Rottemberg desde la cuenta de Twitter del Multiteatro.<\/p>\n<p style=\"text-align: justify;\">Moria Cas\u00e1n, que comparti\u00f3 escenario con S\u00e1nchez en \u201cAstros de la risa\u201d, tuite\u00f3: \u201cQuerido compa\u00f1ero, un honor haber trabajado con vos, mi p\u00e9same a sus familiares<\/p>\n<p style=\"text-align: justify;\">S\u00e1nchez, quien comenz\u00f3 su carrera en Buenos Aires recorriendo escenarios del off, lleg\u00f3 a participar en ciclos junto a Juan Alberto Bad\u00eda, Juan Alberto Mateyko y comparti\u00f3 escenarios con artistas de la talla de Juan Carlos Calabr\u00f3, Ra\u00fal Lavi\u00e9, Mar\u00eda Marta Serra Lima, Moria Cas\u00e1n, F\u00e1tima Flores y Anita Mart\u00ednez.<\/p>\n<p style=\"text-align: justify;\">En televisi\u00f3n particip\u00f3 en \u201cVideomatch\u201d, \u201cHola Susana\u201d y \u201cEl humor de Caf\u00e9 Fashion\u201d, entre otros.<\/p>\n<p style=\"text-align: justify;\">Adem\u00e1s de una breve incursi\u00f3n en cine, su trabajo como comediante estaba enfocado en mon\u00f3logos sobre actualidad y segmentos musicales.<\/p>\n<p style=\"text-align: justify;\">En 2019 interpret\u00f3 un rol dram\u00e1tico en la novela de el trece \u201cArgentina, tierra de amor y venganza\u201d, donde se puso en la piel del \u00abComisario Benitez\u00bb.<\/p>\n<p style=\"text-align: justify;\">En Twitter, la vedette Silvina Escudero lo record\u00f3 como un tipo \u201cmuy divertido y alegre\u201d, y lo despidi\u00f3 enviando \u201cmucha fuerza para su familia e \u00edntimos\u201d.<\/p>\n<p style=\"text-align: justify;\"><code><\/code><\/p>\n<blockquote class=\"twitter-tweet\">\n<p dir=\"ltr\" lang=\"es\">Lamentamos el fallecimiento del actor, humorista y cantante Carlos S\u00e1nchez. Abrazamos a su familia y seres queridos en este triste momento. Fue unos de los m\u00e1s populares humoristas de las \u00faltimas d\u00e9cadas. Desarroll\u00f3 una amplia trayectoria en teatro, televisi\u00f3n, radio y cine. <a href=\"https:\/\/t.co\/xnBa8Z7P6Y\">pic.twitter.com\/xnBa8Z7P6Y<\/a><\/p>\n<p>\u2014 Asociaci\u00f3n Argentina de Actores (@actoresprensa) <a href=\"https:\/\/twitter.com\/actoresprensa\/status\/1366772767102808067?ref_src=twsrc%5Etfw\">March 2, 2021<\/a><\/p><\/blockquote>\n<p style=\"text-align: justify;\"><script async src=\"https:\/\/platform.twitter.com\/widgets.js\" charset=\"utf-8\"><\/script><\/p>\n","protected":false},"excerpt":{"rendered":"<p>BUENOS AIRES. * 2 de marzo de 2021. ]\u00a0T\u00e9lam. El humorista Carlos S\u00e1nchez, quien form\u00f3 parte de ciclos televisivos como \u201cCaf\u00e9 Fashion\u201d, \u201cLa peluquer\u00eda de Don Mateo\u201d y \u201cPetardos\u201d, falleci\u00f3 de c\u00e1ncer a 68 a\u00f1os en el Sanatorio Otamendi, inform\u00f3 la Asociaci\u00f3n Argentina de Actores. \u201cLamentamos el fallecimiento del actor, humorista y cantante Carlos S\u00e1nchez&#8230;.<\/p>\n","protected":false},"author":2,"featured_media":1221895,"comment_status":"closed","ping_status":"closed","sticky":false,"template":"","format":"standard","meta":{"footnotes":""},"categories":[18563,1988],"tags":[2179,2384,2419,2443,2484,2542,3970,4968,5234,8385,11163,12599,13311,15305],"class_list":["post-1221894","post","type-post","status-publish","format-standard","has-post-thumbnail","hentry","category-entretenimiento","category-lifestyles","tag-comisario-benitez","tag-el-humor-de-cafe-fashion","tag-hola-susana","tag-la-peluqueria-de-don-mateo","tag-petardos","tag-videomatch","tag-anita-martinez","tag-cafe-fashion","tag-carlos-sanchez","tag-fatima-flores","tag-juan-carlos-calabro","tag-maria-marta-serra-lima","tag-moria-casan","tag-raul-lavie"],"_links":{"self":[{"href":"https:\/\/www.acapulcopress.com\/index.php\/wp-json\/wp\/v2\/posts\/1221894","targetHints":{"allow":["GET"]}}],"collection":[{"href":"https:\/\/www.acapulcopress.com\/index.php\/wp-json\/wp\/v2\/posts"}],"about":[{"href":"https:\/\/www.acapulcopress.com\/index.php\/wp-json\/wp\/v2\/types\/post"}],"author":[{"embeddable":true,"href":"https:\/\/www.acapulcopress.com\/index.php\/wp-json\/wp\/v2\/users\/2"}],"replies":[{"embeddable":true,"href":"https:\/\/www.acapulcopress.com\/index.php\/wp-json\/wp\/v2\/comments?post=1221894"}],"version-history":[{"count":0,"href":"https:\/\/www.acapulcopress.com\/index.php\/wp-json\/wp\/v2\/posts\/1221894\/revisions"}],"wp:featuredmedia":[{"embeddable":true,"href":"https:\/\/www.acapulcopress.com\/index.php\/wp-json\/"}],"wp:attachment":[{"href":"https:\/\/www.acapulcopress.com\/index.php\/wp-json\/wp\/v2\/media?parent=1221894"}],"wp:term":[{"taxonomy":"category","embeddable":true,"href":"https:\/\/www.acapulcopress.com\/index.php\/wp-json\/wp\/v2\/categories?post=1221894"},{"taxonomy":"post_tag","embeddable":true,"href":"https:\/\/www.acapulcopress.com\/index.php\/wp-json\/wp\/v2\/tags?post=1221894"}],"curies":[{"name":"wp","href":"https:\/\/api.w.org\/{rel}","templated":true}]}}