{"id":1221901,"date":"2021-03-02T20:18:34","date_gmt":"2021-03-03T02:18:34","guid":{"rendered":"https:\/\/www.acapulcopress.com\/?p=1221901"},"modified":"2021-03-02T20:18:34","modified_gmt":"2021-03-03T02:18:34","slug":"cuba-responde-a-la-cancion-patria-y-vida-con-un-videoclip-de-artistas-locales","status":"publish","type":"post","link":"https:\/\/www.acapulcopress.com\/index.php\/2021\/03\/02\/cuba-responde-a-la-cancion-patria-y-vida-con-un-videoclip-de-artistas-locales\/","title":{"rendered":"Cuba responde a la canci\u00f3n \u00abPatria y vida\u00bb con videoclip de artistas locales"},"content":{"rendered":"<p style=\"text-align: justify;\">LA HABANA. * 2 de marzo de 2021.<br \/>\n<em>]\u00a0<a href=\"https:\/\/www.efe.com\/efe\/america\/cultura\/cuba-responde-a-la-cancion-patria-y-vida-con-un-videoclip-de-artistas-locales\/20000009-4478205\" target=\"_blank\" rel=\"noopener\">Efe<\/a>.<\/em><\/p>\n<p style=\"text-align: justify;\">Tras el \u00e9xito de la canci\u00f3n &#8216;Patria y vida&#8217; que pide el fin del comunismo en Cuba, medios estatales cubanos han contraatacado esta semana con un videoclip en el que cinco artistas locales reivindican la continuidad del sistema y llaman &#8216;vendepatrias&#8217; y &#8216;marionetas&#8217; a los opositores.<\/p>\n<p style=\"text-align: justify;\">&#8216;Patria o muerte por la vida&#8217; es el t\u00edtulo de la nueva canci\u00f3n interpretada por cinco artistas locales -Ra\u00fal Torres, Annie Garc\u00e9s, Dayana Divo, Karla Monier, y Yisi Calibre- que superaba el martes las 120.000 visualizaciones en Youtube menos de 24 horas despu\u00e9s de su publicaci\u00f3n.<\/p>\n<p style=\"text-align: justify;\">El tema, sin embargo, est\u00e1 recibiendo m\u00e1s cr\u00edticas que elogios en el portal de videos, donde m\u00e1s de 18.000 internautas han dado clic en &#8216;no me gusta&#8217; por solo 2.000 de &#8216;me gusta&#8217; y en la secci\u00f3n de comentarios pr\u00e1cticamente todas las opiniones de los usuarios son cr\u00edticas o burlas.<\/p>\n<p style=\"text-align: justify;\">Con una fusi\u00f3n de diferentes ritmos como conga, guaguanc\u00f3 y hip-hop, los cinco artistas cubanos responden a &#8216;Patria y vida&#8217;, el videoclip viral de Yotuel, Gente de Zona y Descemer Bueno que supera los 2,6 millones de visualizaciones y cuyo t\u00edtulo se ha consolidado como un nuevo lema entre los opositores al Gobierno cubano.<\/p>\n<p style=\"text-align: justify;\">Mientras &#8216;Patria y vida&#8217; asegura que el sistema de partido \u00fanico y econom\u00eda centralizada impuesto hace 62 a\u00f1os ya &#8216;se acab\u00f3&#8217;, el nuevo tema promocionado por el portal estatal Cubadebate asegura que &#8216;a la Revoluci\u00f3n le quedan 62.000 milenios&#8217; y acusa a los opositores -a quienes llama &#8216;ofensores del pueblo&#8217;- de trabajar a sueldo del &#8216;imperio&#8217;, en referencia a Estados Unidos.<\/p>\n<p style=\"text-align: justify;\">Adem\u00e1s, el videoclip reivindica la frase &#8216;Patria o muerte&#8217; pronunciada por Fidel Castro en 1960 como contraposici\u00f3n a &#8216;Patria o vida&#8217;.<\/p>\n<p style=\"text-align: justify;\">&#8216;Patria o muerte por la vida&#8217; llega, adem\u00e1s, en plena pol\u00e9mica en las redes sociales en Cuba despu\u00e9s de que el lunes se filtrara un video sin fechar en el que Sandro Castro, nieto del fallecido l\u00edder de la Revoluci\u00f3n, presume de su autom\u00f3vil de lujo Mercedes-Benz mientras conduce a gran velocidad por una carretera del pa\u00eds.<\/p>\n<p style=\"text-align: justify;\">Todo esto sucede en un momento especialmente delicado en Cuba, donde la crisis econ\u00f3mica ya alcanza niveles extremos, escasean casi todos los productos y las largas colas frente a los comercios se han vuelto parte de la vida diaria.<\/p>\n<p><iframe loading=\"lazy\" title=\"Patria o Muerte por la Vida\" width=\"1160\" height=\"653\" src=\"https:\/\/www.youtube.com\/embed\/Xu4Huw3i-lE?feature=oembed\" frameborder=\"0\" allow=\"accelerometer; autoplay; clipboard-write; encrypted-media; gyroscope; picture-in-picture; web-share\" referrerpolicy=\"strict-origin-when-cross-origin\" allowfullscreen><\/iframe><\/p>\n<p><iframe loading=\"lazy\" title=\"Patria y Vida - Yotuel , Gente de Zona, Decemer Bueno, Maykel Osorbo , El Funky\" width=\"1160\" height=\"653\" src=\"https:\/\/www.youtube.com\/embed\/pP9Bto5lOEQ?feature=oembed\" frameborder=\"0\" allow=\"accelerometer; autoplay; clipboard-write; encrypted-media; gyroscope; picture-in-picture; web-share\" referrerpolicy=\"strict-origin-when-cross-origin\" allowfullscreen><\/iframe><\/p>\n","protected":false},"excerpt":{"rendered":"<p>LA HABANA. * 2 de marzo de 2021. ]\u00a0Efe. Tras el \u00e9xito de la canci\u00f3n &#8216;Patria y vida&#8217; que pide el fin del comunismo en Cuba, medios estatales cubanos han contraatacado esta semana con un videoclip en el que cinco artistas locales reivindican la continuidad del sistema y llaman &#8216;vendepatrias&#8217; y &#8216;marionetas&#8217; a los opositores&#8230;.<\/p>\n","protected":false},"author":2,"featured_media":1221902,"comment_status":"closed","ping_status":"closed","sticky":false,"template":"","format":"standard","meta":{"footnotes":""},"categories":[2022,1988],"tags":[],"class_list":["post-1221901","post","type-post","status-publish","format-standard","has-post-thumbnail","hentry","category-actvismo","category-lifestyles"],"_links":{"self":[{"href":"https:\/\/www.acapulcopress.com\/index.php\/wp-json\/wp\/v2\/posts\/1221901","targetHints":{"allow":["GET"]}}],"collection":[{"href":"https:\/\/www.acapulcopress.com\/index.php\/wp-json\/wp\/v2\/posts"}],"about":[{"href":"https:\/\/www.acapulcopress.com\/index.php\/wp-json\/wp\/v2\/types\/post"}],"author":[{"embeddable":true,"href":"https:\/\/www.acapulcopress.com\/index.php\/wp-json\/wp\/v2\/users\/2"}],"replies":[{"embeddable":true,"href":"https:\/\/www.acapulcopress.com\/index.php\/wp-json\/wp\/v2\/comments?post=1221901"}],"version-history":[{"count":0,"href":"https:\/\/www.acapulcopress.com\/index.php\/wp-json\/wp\/v2\/posts\/1221901\/revisions"}],"wp:featuredmedia":[{"embeddable":true,"href":"https:\/\/www.acapulcopress.com\/index.php\/wp-json\/"}],"wp:attachment":[{"href":"https:\/\/www.acapulcopress.com\/index.php\/wp-json\/wp\/v2\/media?parent=1221901"}],"wp:term":[{"taxonomy":"category","embeddable":true,"href":"https:\/\/www.acapulcopress.com\/index.php\/wp-json\/wp\/v2\/categories?post=1221901"},{"taxonomy":"post_tag","embeddable":true,"href":"https:\/\/www.acapulcopress.com\/index.php\/wp-json\/wp\/v2\/tags?post=1221901"}],"curies":[{"name":"wp","href":"https:\/\/api.w.org\/{rel}","templated":true}]}}