{"id":1221911,"date":"2021-03-02T21:07:02","date_gmt":"2021-03-03T03:07:02","guid":{"rendered":"https:\/\/www.acapulcopress.com\/?p=1221911"},"modified":"2021-03-02T21:07:02","modified_gmt":"2021-03-03T03:07:02","slug":"expertos-celebran-veto-de-dibujos-animados-en-empaques-de-alimentos-y-bebidas-ultraprocesados","status":"publish","type":"post","link":"https:\/\/www.acapulcopress.com\/index.php\/2021\/03\/02\/expertos-celebran-veto-de-dibujos-animados-en-empaques-de-alimentos-y-bebidas-ultraprocesados\/","title":{"rendered":"Expertos celebran veto de dibujos en empaques de alimentos y bebidas ultraprocesados"},"content":{"rendered":"<p style=\"text-align: justify;\">CIUDAD DE M\u00c9XICO. * 2 de marzo de 2021.<br \/>\n<em>] <a href=\"https:\/\/www.efe.com\/efe\/america\/mexico\/expertos-celebran-veto-de-dibujos-animados-en-empaques-alimentos-mexico\/50000545-4478268\" target=\"_blank\" rel=\"noopener\">Efe<\/a>.<\/em><\/p>\n<p style=\"text-align: justify;\">Expertas en salud p\u00fablica celebraron este martes la entrada en vigor en M\u00e9xico, el pr\u00f3ximo 1 de abril, de la segunda etapa del nuevo etiquetado frontal de advertencia en alimentos y bebidas envasados, que proh\u00edbe contener personajes y dibujos animados en el empaque de los productos.<\/p>\n<p style=\"text-align: justify;\">En un foro organizado por la mexicana Alianza por la Salud Alimentaria, Jennifer Harris, del Rudd Center for Food Policy &amp; Obesity de la Universidad de Connecticut, explic\u00f3 que la publicidad impacta en el comportamiento y las preferencias de consumo de los ni\u00f1os.<\/p>\n<p style=\"text-align: justify;\">La especialista comparti\u00f3 los resultados de un estudio de 880 campa\u00f1as publicitarias el cual demostr\u00f3 que los anuncios m\u00e1s efectivos fueron aquellos que apelan a las emociones y que contienen poco o nulo contenido racional.<\/p>\n<p style=\"text-align: justify;\">Esto, dijo, deja claro que la publicidad no tiene la intenci\u00f3n de informar a los consumidores, \u201csi no de aprovecharse de ellos y engancharlos a trav\u00e9s del contenido emocional, una estrategia muy efectiva en los ni\u00f1os\u201d.<\/p>\n<p style=\"text-align: justify;\">Durante el foro \u201cEl da\u00f1o de la publicidad de ultraprocesados en ni\u00f1as y ni\u00f1os\u201d, Harris resalt\u00f3 que la evidencia demuestra que el disfrute de un anuncio aumenta las asociaciones positivas, afectando las actitudes y percepciones de ni\u00f1as, ni\u00f1os y\/o adolescentes sobre un producto o marca.<\/p>\n<p style=\"text-align: justify;\">Sin embargo, dijo, dif\u00edcilmente este grupo de poblaci\u00f3n podr\u00eda reconocer a la publicidad como un mensaje que intenta influir en sus decisiones.<\/p>\n<p style=\"text-align: justify;\">Desde 2004, record\u00f3, la Organizaci\u00f3n Mundial de la Salud (OMS) advirti\u00f3 sobre la necesidad de regular la publicidad de alimentos ultraprocesados y bebidas dirigida a la infancia se\u00f1alando que se aprovechaba de su \u201ccredulidad e inexperiencia\u201d.<\/p>\n<p style=\"text-align: justify;\">Fiorella Espinosa, oficial de Nutrici\u00f3n para Entornos Saludables de la Unicef, recalc\u00f3 que aunque hay avances relevantes en la acumulaci\u00f3n de evidencia independiente sobre la publicidad que afecta a ni\u00f1os y adolescentes, la implementaci\u00f3n de las regulaciones ha sido lenta.<\/p>\n<p style=\"text-align: justify;\">\u201cSi bien M\u00e9xico avanz\u00f3 regulando publicidad en ciertos horarios de televisi\u00f3n y en el cine, a\u00fan resta mucho por regular para realmente proteger a este grupo poblacional\u201d, afirm\u00f3.<\/p>\n<p style=\"text-align: justify;\">El pasado 1 de octubre entr\u00f3 en vigor la primera fase del nuevo etiquetado frontal para alimentos y bebidas procesados, una medida que las autoridades mexicanas fijaron como parte de las acciones para prevenir el aumento de casos de sobrepeso y obesidad en el pa\u00eds.<\/p>\n<p style=\"text-align: justify;\">De acuerdo con la nueva ley, los productos industrializados y bebidas azucaradas deber\u00e1n rotularse con un etiquetado de advertencia o con las caracter\u00edsticas nutricionales en las que el producto supera el valor establecido.<\/p>\n<p style=\"text-align: justify;\">La implementaci\u00f3n del etiquetado fue criticado por la industria alimentaria, que aleg\u00f3 el costo extra que supon\u00eda cambiar la forma de etiquetar y advirtieron de un posibles descenso en las ventas de ciertos alimentos y bebidas.<\/p>\n","protected":false},"excerpt":{"rendered":"<p>CIUDAD DE M\u00c9XICO. * 2 de marzo de 2021. ] Efe. Expertas en salud p\u00fablica celebraron este martes la entrada en vigor en M\u00e9xico, el pr\u00f3ximo 1 de abril, de la segunda etapa del nuevo etiquetado frontal de advertencia en alimentos y bebidas envasados, que proh\u00edbe contener personajes y dibujos animados en el empaque de&#8230;<\/p>\n","protected":false},"author":2,"featured_media":1221912,"comment_status":"closed","ping_status":"closed","sticky":false,"template":"","format":"standard","meta":{"footnotes":""},"categories":[1969],"tags":[3675,8649,10680,13821,14033,15872,17623],"class_list":["post-1221911","post","type-post","status-publish","format-standard","has-post-thumbnail","hentry","category-trending","tag-alianza-por-la-salud-alimentaria","tag-fiorella-espinosa","tag-jennifer-harris","tag-nutricion-para-entornos-saludables-unicef","tag-organizacion-mundial-de-la-salud-oms","tag-rudd-center-for-food-policy-obesity","tag-universidad-de-connecticut"],"_links":{"self":[{"href":"https:\/\/www.acapulcopress.com\/index.php\/wp-json\/wp\/v2\/posts\/1221911","targetHints":{"allow":["GET"]}}],"collection":[{"href":"https:\/\/www.acapulcopress.com\/index.php\/wp-json\/wp\/v2\/posts"}],"about":[{"href":"https:\/\/www.acapulcopress.com\/index.php\/wp-json\/wp\/v2\/types\/post"}],"author":[{"embeddable":true,"href":"https:\/\/www.acapulcopress.com\/index.php\/wp-json\/wp\/v2\/users\/2"}],"replies":[{"embeddable":true,"href":"https:\/\/www.acapulcopress.com\/index.php\/wp-json\/wp\/v2\/comments?post=1221911"}],"version-history":[{"count":0,"href":"https:\/\/www.acapulcopress.com\/index.php\/wp-json\/wp\/v2\/posts\/1221911\/revisions"}],"wp:featuredmedia":[{"embeddable":true,"href":"https:\/\/www.acapulcopress.com\/index.php\/wp-json\/"}],"wp:attachment":[{"href":"https:\/\/www.acapulcopress.com\/index.php\/wp-json\/wp\/v2\/media?parent=1221911"}],"wp:term":[{"taxonomy":"category","embeddable":true,"href":"https:\/\/www.acapulcopress.com\/index.php\/wp-json\/wp\/v2\/categories?post=1221911"},{"taxonomy":"post_tag","embeddable":true,"href":"https:\/\/www.acapulcopress.com\/index.php\/wp-json\/wp\/v2\/tags?post=1221911"}],"curies":[{"name":"wp","href":"https:\/\/api.w.org\/{rel}","templated":true}]}}