{"id":1221920,"date":"2021-03-02T23:14:44","date_gmt":"2021-03-03T05:14:44","guid":{"rendered":"https:\/\/www.acapulcopress.com\/?p=1221920"},"modified":"2021-03-02T23:14:44","modified_gmt":"2021-03-03T05:14:44","slug":"neutralizan-marcha-feminista-vs-felix-salgado","status":"publish","type":"post","link":"https:\/\/www.acapulcopress.com\/index.php\/2021\/03\/02\/neutralizan-marcha-feminista-vs-felix-salgado\/","title":{"rendered":"Neutralizan marcha feminista contra #F\u00e9lix"},"content":{"rendered":"<p style=\"text-align: justify;\">CIUDAD DE M\u00c9XICO. * 2 de marzo de 2021.<br \/>\n<em>] <a href=\"https:\/\/rotativo.com.mx\/2021\/03\/02\/mujer\/encapsulan-a-feministas-que-protestaban-afuera-de-palacio-nacional-contra-candidatura-de-salgado-macedonio-888604\/\" target=\"_blank\" rel=\"noopener\">Rotativo<\/a>.<\/em><\/p>\n<p style=\"text-align: justify;\">Polic\u00edas de la Ciudad de M\u00e9xico encapsularon a integrantes de la Colectiva Nacional Feminista \u201cNing\u00fan agresor en el poder\u201d por protestar afuera de Palacio Nacional contra F\u00e9lix Salgado Macedonio.<\/p>\n<p style=\"text-align: justify;\">Desde las siete de la ma\u00f1ana de este 2 de marzo, un grupo de al menos 20 defensoras que integran la Colectiva <img loading=\"lazy\" decoding=\"async\" class=\"alignleft size-medium wp-image-1221924\" src=\"https:\/\/www.acapulco.press\/wp-content\/uploads\/2021\/03\/FEMINISTAS-CDMX2-375x281.jpg\" alt=\"\" width=\"375\" height=\"281\" \/>Nacional Feminista \u201cNing\u00fan agresor en el poder\u201d se manifest\u00f3 en el Z\u00f3calo capitalino para exigir al presidente Andr\u00e9s Manuel L\u00f3pez Obrador que Felix Salgado Macedonio, acusado de violaci\u00f3n y abuso sexual, no sea candidato este 2021 para la gubernatura en Guerrero.<\/p>\n<p style=\"text-align: justify;\">Las feminista pintaron la plancha del Z\u00f3calo, cargaron pancartas, tocaron tambores y gritaron consignas como \u201cun violador no ser\u00e1 gobernador\u201d, mientras el presidente de M\u00e9xico daba su conferencia de prensa como cada ma\u00f1ana.<\/p>\n<p style=\"text-align: justify;\">La Colectiva ley\u00f3 un pronunciamiento dirigido a las distintas dependencias involucradas, entre ellas la Fiscal\u00eda General de la Rep\u00fablica, la Secretar\u00eda de Gobernaci\u00f3n, entre otras, en el <img loading=\"lazy\" decoding=\"async\" class=\"alignleft size-medium wp-image-1221922\" src=\"https:\/\/www.acapulco.press\/wp-content\/uploads\/2021\/03\/COLECTIVA-375x168.png\" alt=\"\" width=\"375\" height=\"168\" \/>cual se posicionaron en contra de la resoluci\u00f3n de la Comisi\u00f3n Nacional de Honestidad y Justicia de Morena, del pasado 26 de febrero de 2021, que determin\u00f3 improcedentes e infundadas las acusaciones en contra de Felix Salgado Macedonio.<\/p>\n<p style=\"text-align: justify;\">Las defensoras recordaron que las cinco denuncias que se presentaron en total contra Salgado Macedonio eran previas a la jornada electoral de este 2021, por lo cual no puede ser \u201cpolitiquer\u00eda\u201d; tambi\u00e9n recordaron que el exfiscal de <img loading=\"lazy\" decoding=\"async\" class=\"alignleft size-medium wp-image-1221921\" src=\"https:\/\/www.acapulco.press\/wp-content\/uploads\/2021\/03\/COLECTIVA-2-375x108.png\" alt=\"\" width=\"375\" height=\"108\" \/>Guerrero, Javiel Olea Pelaez, afirm\u00f3 que exist\u00edan suficientes elementos para girar la orden de aprehensi\u00f3n contra Salgado, pero que \u00e9sta se impidi\u00f3 por \u00f3rdenes del gobernador H\u00e9ctor Astudillo Flores.<\/p>\n<p style=\"text-align: justify;\">Minutos despu\u00e9s, las feministas avanzaron hacia las puertas del Palacio Nacional pero diversos grupos policiales de la Ciudad de M\u00e9xico ya rodeaban las cercan\u00edas a la plancha y un conjunto de vallas met\u00e1licas les impidi\u00f3 seguir avanzando.<\/p>\n<p style=\"text-align: justify;\">Las mujeres intentaron quitar los metales pero los cuerpos policiales avanzaron hacia algunas de ellas y las rodearon. A la par, las feministas exigieron a L\u00f3pez Obrador que saliera a dar la cara. Varios minutos despu\u00e9s, una polic\u00eda dio la orden de retirarse; las feministas, por su parte, tambi\u00e9n decidieron abandonar el lugar y salieron por Venustiano Carranza, que es una calle lateral al Z\u00f3calo.<\/p>\n<p style=\"text-align: justify;\">No obstante, ya sobre esa calle contigua, otro grupo policial alcanz\u00f3 a las mujeres. Tras varios enfrentamientos, varias decenas de uniformados encapsularon a las manifestantes por cerca de una hora.<\/p>\n<p style=\"text-align: justify;\">Durante el encapsulamiento, las defensoras continuaron con su protesta y cuestionaron a las y los polic\u00edas por qu\u00e9 a ellas las reprim\u00edan mientras a Salgado Macedonio lo dejaban libre. M\u00e1s tarde, las mujeres fueron liberadas y continuaron su camino. Por su parte, L\u00f3pez Obrador evadi\u00f3 hablar sobre el tema e insisti\u00f3: \u201cno debe haber linchamientos por politiquer\u00eda\u201d.<\/p>\n<div style=\"width: 640px;\" class=\"wp-video\"><video class=\"wp-video-shortcode\" id=\"video-1221920-1\" width=\"640\" height=\"360\" preload=\"metadata\" controls=\"controls\"><source type=\"video\/mp4\" src=\"https:\/\/www.acapulco.press\/wp-content\/uploads\/2021\/03\/FEMINISTAS-NEUTRALIZADAS.mp4?_=1\" \/><a href=\"https:\/\/www.acapulco.press\/wp-content\/uploads\/2021\/03\/FEMINISTAS-NEUTRALIZADAS.mp4\">https:\/\/www.acapulco.press\/wp-content\/uploads\/2021\/03\/FEMINISTAS-NEUTRALIZADAS.mp4<\/a><\/video><\/div>\n","protected":false},"excerpt":{"rendered":"<p>CIUDAD DE M\u00c9XICO. * 2 de marzo de 2021. ] Rotativo. Polic\u00edas de la Ciudad de M\u00e9xico encapsularon a integrantes de la Colectiva Nacional Feminista \u201cNing\u00fan agresor en el poder\u201d por protestar afuera de Palacio Nacional contra F\u00e9lix Salgado Macedonio. Desde las siete de la ma\u00f1ana de este 2 de marzo, un grupo de al&#8230;<\/p>\n","protected":false},"author":2,"featured_media":1221923,"comment_status":"closed","ping_status":"closed","sticky":false,"template":"","format":"video","meta":{"footnotes":""},"categories":[1997],"tags":[5988,8467],"class_list":["post-1221920","post","type-post","status-publish","format-video","has-post-thumbnail","hentry","category-noticias-destacadas","tag-colectiva-nacional-feminista","tag-felix-salgado-macedonio","post_format-post-format-video"],"_links":{"self":[{"href":"https:\/\/www.acapulcopress.com\/index.php\/wp-json\/wp\/v2\/posts\/1221920","targetHints":{"allow":["GET"]}}],"collection":[{"href":"https:\/\/www.acapulcopress.com\/index.php\/wp-json\/wp\/v2\/posts"}],"about":[{"href":"https:\/\/www.acapulcopress.com\/index.php\/wp-json\/wp\/v2\/types\/post"}],"author":[{"embeddable":true,"href":"https:\/\/www.acapulcopress.com\/index.php\/wp-json\/wp\/v2\/users\/2"}],"replies":[{"embeddable":true,"href":"https:\/\/www.acapulcopress.com\/index.php\/wp-json\/wp\/v2\/comments?post=1221920"}],"version-history":[{"count":0,"href":"https:\/\/www.acapulcopress.com\/index.php\/wp-json\/wp\/v2\/posts\/1221920\/revisions"}],"wp:featuredmedia":[{"embeddable":true,"href":"https:\/\/www.acapulcopress.com\/index.php\/wp-json\/"}],"wp:attachment":[{"href":"https:\/\/www.acapulcopress.com\/index.php\/wp-json\/wp\/v2\/media?parent=1221920"}],"wp:term":[{"taxonomy":"category","embeddable":true,"href":"https:\/\/www.acapulcopress.com\/index.php\/wp-json\/wp\/v2\/categories?post=1221920"},{"taxonomy":"post_tag","embeddable":true,"href":"https:\/\/www.acapulcopress.com\/index.php\/wp-json\/wp\/v2\/tags?post=1221920"}],"curies":[{"name":"wp","href":"https:\/\/api.w.org\/{rel}","templated":true}]}}