{"id":1221932,"date":"2021-03-02T23:34:16","date_gmt":"2021-03-03T05:34:16","guid":{"rendered":"https:\/\/www.acapulcopress.com\/?p=1221932"},"modified":"2021-03-02T23:34:16","modified_gmt":"2021-03-03T05:34:16","slug":"invita-rector-a-congreso-mundial-de-universidades-los-dias-7-y-8-de-marzo","status":"publish","type":"post","link":"https:\/\/www.acapulcopress.com\/index.php\/2021\/03\/02\/invita-rector-a-congreso-mundial-de-universidades-los-dias-7-y-8-de-marzo\/","title":{"rendered":"Invita Rector a Congreso Mundial de Universidades, los d\u00edas 7 y 8 de marzo"},"content":{"rendered":"<p>CHILPANCINGO. * 2 de marzo de 2021.<br \/>\n]\u00a0UAGro.<\/p>\n<p>En el marco del<em> D\u00eda Internacional de la Mujer,<\/em> Rector\u00eda de UAGro invita a ver la participaci\u00f3n de la Dra. Felicidad Bonilla y la Dra. Olivia \u00c1lvarez, quienes orgullosamente representar\u00e1n a la UAGro durante el Congreso Mundial de Universidades \u00abLos retos y desaf\u00edos de la mujer en el siglo XXI\u00bb, del 7 al 8 de marzo.<\/p>\n<p>El registro ser\u00e1 totalmente gratuito en congresomundialdeuniversidades@gmail.com o en la p\u00e1gina <a href=\"http:\/\/www.congresodeprensa.org\" target=\"_blank\" rel=\"noopener\"><em>www.congresodeprensa.org<\/em><\/a><\/p>\n","protected":false},"excerpt":{"rendered":"<p>CHILPANCINGO. * 2 de marzo de 2021. ]\u00a0UAGro. En el marco del D\u00eda Internacional de la Mujer, Rector\u00eda de UAGro invita a ver la participaci\u00f3n de la Dra. Felicidad Bonilla y la Dra. Olivia \u00c1lvarez, quienes orgullosamente representar\u00e1n a la UAGro durante el Congreso Mundial de Universidades \u00abLos retos y desaf\u00edos de la mujer en&#8230;<\/p>\n","protected":false},"author":2,"featured_media":1221933,"comment_status":"closed","ping_status":"closed","sticky":false,"template":"","format":"standard","meta":{"footnotes":""},"categories":[18561,2016],"tags":[2244,6394,6705,7222,7482,7484,10644,17463,17610],"class_list":["post-1221932","post","type-post","status-publish","format-standard","has-post-thumbnail","hentry","category-society-politics","category-uagro-society-politics","tag-los-retos-y-desafios-de-la-mujer-en-el-siglo-xxi","tag-congreso-mundial-de-universidades","tag-covid19","tag-dia-internacional-de-la-mujer","tag-dra-felicidad-bonilla","tag-dra-olivia-alvarez","tag-javier-saldana-almazan","tag-uagro","tag-universidad-autonoma-de-guerrero-uagro"],"_links":{"self":[{"href":"https:\/\/www.acapulcopress.com\/index.php\/wp-json\/wp\/v2\/posts\/1221932","targetHints":{"allow":["GET"]}}],"collection":[{"href":"https:\/\/www.acapulcopress.com\/index.php\/wp-json\/wp\/v2\/posts"}],"about":[{"href":"https:\/\/www.acapulcopress.com\/index.php\/wp-json\/wp\/v2\/types\/post"}],"author":[{"embeddable":true,"href":"https:\/\/www.acapulcopress.com\/index.php\/wp-json\/wp\/v2\/users\/2"}],"replies":[{"embeddable":true,"href":"https:\/\/www.acapulcopress.com\/index.php\/wp-json\/wp\/v2\/comments?post=1221932"}],"version-history":[{"count":0,"href":"https:\/\/www.acapulcopress.com\/index.php\/wp-json\/wp\/v2\/posts\/1221932\/revisions"}],"wp:featuredmedia":[{"embeddable":true,"href":"https:\/\/www.acapulcopress.com\/index.php\/wp-json\/"}],"wp:attachment":[{"href":"https:\/\/www.acapulcopress.com\/index.php\/wp-json\/wp\/v2\/media?parent=1221932"}],"wp:term":[{"taxonomy":"category","embeddable":true,"href":"https:\/\/www.acapulcopress.com\/index.php\/wp-json\/wp\/v2\/categories?post=1221932"},{"taxonomy":"post_tag","embeddable":true,"href":"https:\/\/www.acapulcopress.com\/index.php\/wp-json\/wp\/v2\/tags?post=1221932"}],"curies":[{"name":"wp","href":"https:\/\/api.w.org\/{rel}","templated":true}]}}