{"id":1221940,"date":"2021-03-02T23:45:20","date_gmt":"2021-03-03T05:45:20","guid":{"rendered":"https:\/\/www.acapulcopress.com\/?p=1221940"},"modified":"2021-03-02T23:45:20","modified_gmt":"2021-03-03T05:45:20","slug":"residentes-en-extranjero-tienen-hasta-10-de-marzo-para-registrarse-y-participar-ine","status":"publish","type":"post","link":"https:\/\/www.acapulcopress.com\/index.php\/2021\/03\/02\/residentes-en-extranjero-tienen-hasta-10-de-marzo-para-registrarse-y-participar-ine\/","title":{"rendered":"Residentes en extranjero tienen hasta 10 de marzo para registrarse y participar | INE"},"content":{"rendered":"<p style=\"text-align: justify;\">CIUDAD DE M\u00c9XICO. * 2 de marzo de 2021.<br \/>\n<em>]\u00a0 <a href=\"https:\/\/centralelectoral.ine.mx\/2021\/03\/02\/residentes-en-el-extranjero-tienen-hasta-el-10-de-marzo-para-registrarse-y-participar-norma-de-la-cruz\/\" target=\"_blank\" rel=\"noopener\">INE<\/a>.<\/em><\/p>\n<p style=\"text-align: justify;\">Las y los mexicanos que radican en el extranjero tienen hasta el 10 de marzo para activar su Credencial para Votar y\/o registrarse para participar en las elecciones del pr\u00f3ximo 6 de junio, afirm\u00f3 la Consejera del Instituto Nacional Electoral (INE), Norma De la Cruz.<\/p>\n<p style=\"text-align: justify;\">La presidenta de la Comisi\u00f3n Temporal de Vinculaci\u00f3n con Mexicanos Residentes en el Extranjero y An\u00e1lisis de las Modalidades de su Voto, llam\u00f3 a los connacionales a participar en la toma de decisiones de sus lugares de origen y a ejercer su derecho a votar.<\/p>\n<p style=\"text-align: justify;\">\u201cVotar en los asuntos de su estado es muy importante, es otra forma de estar y de apoyar a sus familias, decidir qui\u00e9n dirige y administra sus estados. Las y los paisanos todav\u00eda tienen hasta el 10 de marzo para inscribirse y participar\u201d, sentenci\u00f3 en conferencia de prensa, acompa\u00f1ada de las y los consejeros del Instituto Estatal Electoral de Nayarit (IEEN).<\/p>\n<p style=\"text-align: justify;\">La Consejera De la Cruz asegur\u00f3 que desde el INE y los Organismos P\u00fablicos Locales (OPL) se ha impulsado la participaci\u00f3n de los mexicanos que se encuentran fuera del pa\u00eds, lo que ha permitido contar con un registro hasta el momento de 22 mil 556 personas.<\/p>\n<p style=\"text-align: justify;\">No obstante, confi\u00f3 en que durante los pr\u00f3ximos d\u00edas aumente el n\u00famero de registros, adem\u00e1s record\u00f3 que las credenciales que vencieron en 2019 y 2020 siguen vigentes para poder participar en los comicios.<\/p>\n<p style=\"text-align: justify;\">Anticip\u00f3 que se mantendr\u00e1 el trabajo con consulados y organizaciones de la sociedad civil para promover la cultura de la nacionalidad ante la oportunidad que existe de ejercer el derecho al voto sin importar en donde se encuentren las y los mexicanos.<\/p>\n<p style=\"text-align: justify;\"><strong>Voto electr\u00f3nico por internet<\/strong><\/p>\n<p style=\"text-align: justify;\">La Consejera se\u00f1al\u00f3 que durante los pr\u00f3ximos d\u00edas se habr\u00e1 de realizar un cuarto simulacro del sistema de voto por internet como una forma de apoyar a los mexicanos para que se familiaricen con el proceso y puedan ejercer su derecho sin mayores contratiempos.<\/p>\n<p style=\"text-align: justify;\">Agreg\u00f3 que hasta ahora el 62.18% de los ciudadanos registrados en la Lista Nominal de Electores Residentes en el Extranjero, es decir, 12 mil 782 personas, han elegido el voto electr\u00f3nico por internet; en tanto que el 37.82% de los inscritos han optado por participar por la v\u00eda postal.<\/p>\n<p style=\"text-align: justify;\">De la Cruz record\u00f3 que el sistema de registro para el voto desde exterior permanecer\u00e1 abierto durante dos semanas para que las y los mexicanos puedan elegir por la oferta pol\u00edtica de su preferencia y cerrar\u00e1 el 6 de junio en punto de las 18:00 horas.<\/p>\n<p style=\"text-align: justify;\">Por su parte, la Consejera local Alba Rodr\u00edguez mencion\u00f3 que a partir del 20 de abril y hasta el 10 de mayo se enviar\u00e1n los paquetes postales que deber\u00e1n devolver las y los mexicanos lo m\u00e1s pronto posible para que se reciban a m\u00e1s tardar el 5 de junio a las 20:00 horas.<\/p>\n<p style=\"text-align: justify;\">En su oportunidad, el Consejero local Sergio Flores inform\u00f3 sobre la estrategia de promoci\u00f3n que se ha desplegado desde el Instituto Estatal Electoral para impulsar a la comunidad nayarita en el extranjero a participar en esta elecci\u00f3n.<\/p>\n<p style=\"text-align: justify;\">Pese a deficiencia presupuestal en Nayarit, el voto desde el extranjero est\u00e1 garantizado.<\/p>\n<p style=\"text-align: justify;\">El Presidente del IEEN, Jos\u00e9 Francisco Cerme\u00f1o, inform\u00f3 que este martes se reunir\u00e1n con el Gobernador Antonio Echevarr\u00eda Garc\u00eda para discutir sobre la insuficiencia presupuestal que enfrenta el organismo.<\/p>\n<p style=\"text-align: justify;\">Cerme\u00f1o refiri\u00f3 que hasta el momento \u00fanicamente se han entregado 91 de los poco m\u00e1s de 110 millones de pesos que se solicitaron para los meses de enero y febrero, por lo que es necesario contar con el resto de los recursos para cumplir algunos de los compromisos que se tienen adquiridos.<\/p>\n<p style=\"text-align: justify;\">Al respecto, el Consejero local Sergio L\u00f3pez explic\u00f3 que en estos momentos se requieren 30 millones de pesos para cumplir con el pago de las licitaciones que se generaron, as\u00ed como para cubrir los salarios de los Consejos Municipales.<\/p>\n<p style=\"text-align: justify;\">Frente a esta falta de recursos, el Consejero Sergio Flores evidenci\u00f3 que la promoci\u00f3n del voto extraterritorial s\u00f3lo ha podido tener poco m\u00e1s de 19 mil pesos, sin embargo, reiter\u00f3 el compromiso de la instituci\u00f3n para reforzar las acciones en esta recta final.<\/p>\n<p style=\"text-align: justify;\">En este sentido, la Consejera Norma De la Cruz anticip\u00f3 que el INE ya est\u00e1 tomando previsiones para garantizar que la falta de recursos no afecte y, con ello, asegurar que todas y todos los mexicanos que se registraron para votar por la v\u00eda postal reciban su paquete.<\/p>\n","protected":false},"excerpt":{"rendered":"<p>CIUDAD DE M\u00c9XICO. * 2 de marzo de 2021. ]\u00a0 INE. Las y los mexicanos que radican en el extranjero tienen hasta el 10 de marzo para activar su Credencial para Votar y\/o registrarse para participar en las elecciones del pr\u00f3ximo 6 de junio, afirm\u00f3 la Consejera del Instituto Nacional Electoral (INE), Norma De la&#8230;<\/p>\n","protected":false},"author":2,"featured_media":1221941,"comment_status":"closed","ping_status":"closed","sticky":false,"template":"","format":"standard","meta":{"footnotes":""},"categories":[1969],"tags":[10337,13741],"class_list":["post-1221940","post","type-post","status-publish","format-standard","has-post-thumbnail","hentry","category-trending","tag-instituto-nacional-electoral-ine","tag-norma-de-la-cruz"],"_links":{"self":[{"href":"https:\/\/www.acapulcopress.com\/index.php\/wp-json\/wp\/v2\/posts\/1221940","targetHints":{"allow":["GET"]}}],"collection":[{"href":"https:\/\/www.acapulcopress.com\/index.php\/wp-json\/wp\/v2\/posts"}],"about":[{"href":"https:\/\/www.acapulcopress.com\/index.php\/wp-json\/wp\/v2\/types\/post"}],"author":[{"embeddable":true,"href":"https:\/\/www.acapulcopress.com\/index.php\/wp-json\/wp\/v2\/users\/2"}],"replies":[{"embeddable":true,"href":"https:\/\/www.acapulcopress.com\/index.php\/wp-json\/wp\/v2\/comments?post=1221940"}],"version-history":[{"count":0,"href":"https:\/\/www.acapulcopress.com\/index.php\/wp-json\/wp\/v2\/posts\/1221940\/revisions"}],"wp:featuredmedia":[{"embeddable":true,"href":"https:\/\/www.acapulcopress.com\/index.php\/wp-json\/"}],"wp:attachment":[{"href":"https:\/\/www.acapulcopress.com\/index.php\/wp-json\/wp\/v2\/media?parent=1221940"}],"wp:term":[{"taxonomy":"category","embeddable":true,"href":"https:\/\/www.acapulcopress.com\/index.php\/wp-json\/wp\/v2\/categories?post=1221940"},{"taxonomy":"post_tag","embeddable":true,"href":"https:\/\/www.acapulcopress.com\/index.php\/wp-json\/wp\/v2\/tags?post=1221940"}],"curies":[{"name":"wp","href":"https:\/\/api.w.org\/{rel}","templated":true}]}}