{"id":1222048,"date":"2021-03-03T22:34:59","date_gmt":"2021-03-04T04:34:59","guid":{"rendered":"https:\/\/www.acapulcopress.com\/?p=1222048"},"modified":"2021-03-03T22:34:59","modified_gmt":"2021-03-04T04:34:59","slug":"reforzaran-seguridad-en-autopista-del-sol-y-carreteras-del-estado","status":"publish","type":"post","link":"https:\/\/www.acapulcopress.com\/index.php\/2021\/03\/03\/reforzaran-seguridad-en-autopista-del-sol-y-carreteras-del-estado\/","title":{"rendered":"Reforzar\u00e1n seguridad en Autopista del Sol y carreteras del estado"},"content":{"rendered":"<p style=\"text-align: justify;\">CHILPANCINGO. * 3 de marzo de 2021.<br \/>\n<em>] Gobierno de Guerrero.<\/em><\/p>\n<p style=\"text-align: justify;\">El gobernador H\u00e9ctor Astudillo Flores y los integrantes de la Mesa de Coordinaci\u00f3n para la Construcci\u00f3n de la Paz, revisaron los avances de las acciones que han logrado la disminuci\u00f3n de los \u00edndices delictivos en Guerrero y acordaron incrementar la vigilancia de las carreteras de Guerrero y principalmente de la Autopista del Sol.<\/p>\n<p style=\"text-align: justify;\"><img loading=\"lazy\" decoding=\"async\" class=\"alignleft size-medium wp-image-1222049\" src=\"https:\/\/www.acapulco.press\/wp-content\/uploads\/2021\/03\/SEGURIDAD-AUTOPISTA-DEL-SOL-2-375x226.jpeg\" alt=\"\" width=\"375\" height=\"226\" \/>En la reuni\u00f3n, el gobernador plante\u00f3 reforzar la estrategia de vigilancia en los tramos carreteros de la Autopista del Sol a la altura de Chilpancingo \u2013 Eduardo Neri.<\/p>\n<p style=\"text-align: justify;\">Por su parte, el secretario de Seguridad P\u00fablica, David Portillo Menchaca, detall\u00f3 que Guerrero mantiene una tendencia a la baja en el delito de homicidios dolosos en los primeros d\u00edas de marzo en comparaci\u00f3n al mismo mes del a\u00f1o pasado, mejorando las condiciones de seguridad que mantiene a Guerrero alejado de los primeros lugares del pa\u00eds en que se encontraban hace cinco a\u00f1os.<\/p>\n<p style=\"text-align: justify;\">Por su parte, el fiscal General del Estado, Jorge Zuriel de los Santos Barrila, inform\u00f3 de los avances en las indagatorias de hechos delictivos registrados en Guerrero.<\/p>\n<p style=\"text-align: justify;\">En la Mesa de Coordinaci\u00f3n Estatal se evaluaron diversos temas sociales y de seguridad en municipios prioritarios a fin de inhibir la actividad delictiva y se indic\u00f3 que se ha logrado asegurar en los \u00faltimos d\u00edas, armamento y sustancias il\u00edcitas a trav\u00e9s de un trabajo de coordinaci\u00f3n de los tres niveles de Gobierno.<\/p>\n<p style=\"text-align: justify;\">Estuvieron presentes el secretario General de Gobierno, Florencio Salazar Adame; el comandante de la Novena Regi\u00f3n Militar, Eufemio Ibarra Flores; el comandante de la Octava Regi\u00f3n Naval, Julio C\u00e9sar Pescina \u00c1vila; el comandante de la 35 zona Militar, Miguel \u00c1ngel Aguirre Lara; el comandante de la 27 zona Militar, Federico San Juan Rosales; el coordinador Estatal de la Guardia Nacional, Lucio Vergara G\u00f3mez; el delegado Federal en Guerrero, Iv\u00e1n Hern\u00e1ndez D\u00edaz.<\/p>\n<p style=\"text-align: justify;\">As\u00ed como el fiscal General del Estado, Jorge Zuriel de los Santos Barrila; el delegado de la FGR, Fernando Garc\u00eda Fern\u00e1ndez; el representante del Centro Nacional de Inteligencia, Juan Gabriel Sosa Pintos; el secretario T\u00e9cnico, Hermes Teodoro Gonz\u00e1lez; el presidente de la Comisi\u00f3n Estatal de Derechos Humanos, Ram\u00f3n Navarrete Magdaleno; el presidente de la Coparmex Chilpancingo, Joel Moreno Temelo; el secretario de Turismo, Ernesto Rodr\u00edguez Escalona, entre otros funcionarios estatales.<\/p>\n","protected":false},"excerpt":{"rendered":"<p>CHILPANCINGO. * 3 de marzo de 2021. ] Gobierno de Guerrero. El gobernador H\u00e9ctor Astudillo Flores y los integrantes de la Mesa de Coordinaci\u00f3n para la Construcci\u00f3n de la Paz, revisaron los avances de las acciones que han logrado la disminuci\u00f3n de los \u00edndices delictivos en Guerrero y acordaron incrementar la vigilancia de las carreteras&#8230;<\/p>\n","protected":false},"author":2,"featured_media":1222050,"comment_status":"closed","ping_status":"closed","sticky":false,"template":"","format":"standard","meta":{"footnotes":""},"categories":[18573,1983],"tags":[9705,10946,12964],"class_list":["post-1222048","post","type-post","status-publish","format-standard","has-post-thumbnail","hentry","category-goverment","category-guerrerogob","tag-hector-astudillo-flores","tag-jorge-zuriel-de-los-santos-barrila","tag-mesa-de-coordinacion-para-la-construccion-de-la-paz"],"_links":{"self":[{"href":"https:\/\/www.acapulcopress.com\/index.php\/wp-json\/wp\/v2\/posts\/1222048","targetHints":{"allow":["GET"]}}],"collection":[{"href":"https:\/\/www.acapulcopress.com\/index.php\/wp-json\/wp\/v2\/posts"}],"about":[{"href":"https:\/\/www.acapulcopress.com\/index.php\/wp-json\/wp\/v2\/types\/post"}],"author":[{"embeddable":true,"href":"https:\/\/www.acapulcopress.com\/index.php\/wp-json\/wp\/v2\/users\/2"}],"replies":[{"embeddable":true,"href":"https:\/\/www.acapulcopress.com\/index.php\/wp-json\/wp\/v2\/comments?post=1222048"}],"version-history":[{"count":0,"href":"https:\/\/www.acapulcopress.com\/index.php\/wp-json\/wp\/v2\/posts\/1222048\/revisions"}],"wp:featuredmedia":[{"embeddable":true,"href":"https:\/\/www.acapulcopress.com\/index.php\/wp-json\/"}],"wp:attachment":[{"href":"https:\/\/www.acapulcopress.com\/index.php\/wp-json\/wp\/v2\/media?parent=1222048"}],"wp:term":[{"taxonomy":"category","embeddable":true,"href":"https:\/\/www.acapulcopress.com\/index.php\/wp-json\/wp\/v2\/categories?post=1222048"},{"taxonomy":"post_tag","embeddable":true,"href":"https:\/\/www.acapulcopress.com\/index.php\/wp-json\/wp\/v2\/tags?post=1222048"}],"curies":[{"name":"wp","href":"https:\/\/api.w.org\/{rel}","templated":true}]}}