{"id":1222084,"date":"2021-03-04T14:47:33","date_gmt":"2021-03-04T20:47:33","guid":{"rendered":"https:\/\/www.acapulcopress.com\/?p=1222084"},"modified":"2021-03-04T14:47:33","modified_gmt":"2021-03-04T20:47:33","slug":"avala-victor-aguirre-movimiento-femenino","status":"publish","type":"post","link":"https:\/\/www.acapulcopress.com\/index.php\/2021\/03\/04\/avala-victor-aguirre-movimiento-femenino\/","title":{"rendered":"Avala #V\u00edctor Aguirre movimiento femenino"},"content":{"rendered":"<p style=\"text-align: justify;\">\u00bb\u00a0 \u00c1ngel <strong>Blanco.<\/strong><br \/>\nACAPULCO. * 4 de marzo de 2021.<br \/>\n<em>] Acapulco Press.<\/em><\/p>\n<p style=\"text-align: justify;\">El precandidato del Partido de la Revoluci\u00f3n Democr\u00e1tico\u00a0 (PRD) a la Presidencia de Acapulco, #V\u00edctor Aguirre Alcaide, se pronunci\u00f3 a favor del movimiento de las mujeres y pidi\u00f3 no hacer de lado su lucha ni sus voces, pues <img loading=\"lazy\" decoding=\"async\" class=\"alignleft size-medium wp-image-1222089\" src=\"https:\/\/www.acapulco.press\/wp-content\/uploads\/2021\/03\/VAA-FEMINISTAS-375x281.jpg\" alt=\"\" width=\"375\" height=\"281\" \/>merecen ser escuchadas y atendidas.<\/p>\n<p style=\"text-align: justify;\">Durante el evento de adhesi\u00f3n a su proyecto de la Asociaci\u00f3n de Egresados de la Facultad Acad\u00e9mica de Ciencias Sociales de la Especialidad en Derecho (Asecsd), el posible candidato de la Coalici\u00f3n #VaPorAcapulco, integrada por el PRI y PRD, reconoci\u00f3, enf\u00e1tico que \u00abel de las mujeres ha sido un movimiento transformador, generador de confianza y de desarrollo, por lo tanto, no hay que hacer de lado el movimiento de las mujeres, sino escuchar sus voces y tomarlas en cuenta no solamente ahorita en este problema electoral (provocado por los conflictos interno de Morena), sino en las plataformas de gobierno, en las plataformas de propuestas y reformas d leyes\u00bb,\u00a0 a din que puedan\u00a0 ser \u00abescuchadas e incluidas en las tomas de decisiones\u00bb de gobierno que busquen o proyecten el progreso y beneficio de la sociedad.<\/p>\n<p style=\"text-align: justify;\">Aguirre Alcaide dijo que, por lo que a \u00e9l respecta, le gusta predicar con el ejemplo.<\/p>\n<p style=\"text-align: justify;\">\u00abEn la pr\u00e1ctica, el equipo m\u00e1s cercano al proyecto de V\u00edctor Aguirre son mujeres; el equipo m\u00e1s \u00edntimo en desarrollos y toma de decisiones de mi proyecto son mujeres. Y mi gobierno pr\u00f3ximo, el <em>#GobiernoDeLaGente<\/em> (estar\u00e1) conformado por mujeres fundamentales para el desarrollo de Acapulco\u00bb subray\u00f3.<\/p>\n<div style=\"width: 1160px;\" class=\"wp-video\"><video class=\"wp-video-shortcode\" id=\"video-1222084-1\" width=\"1160\" height=\"653\" preload=\"metadata\" controls=\"controls\"><source type=\"video\/mp4\" src=\"https:\/\/www.acapulco.press\/wp-content\/uploads\/2021\/03\/MOVIMIENTO-MUJERES-VAA.mp4?_=1\" \/><a href=\"https:\/\/www.acapulco.press\/wp-content\/uploads\/2021\/03\/MOVIMIENTO-MUJERES-VAA.mp4\">https:\/\/www.acapulco.press\/wp-content\/uploads\/2021\/03\/MOVIMIENTO-MUJERES-VAA.mp4<\/a><\/video><\/div>\n","protected":false},"excerpt":{"rendered":"<p>\u00bb\u00a0 \u00c1ngel Blanco. ACAPULCO. * 4 de marzo de 2021. ] Acapulco Press. El precandidato del Partido de la Revoluci\u00f3n Democr\u00e1tico\u00a0 (PRD) a la Presidencia de Acapulco, #V\u00edctor Aguirre Alcaide, se pronunci\u00f3 a favor del movimiento de las mujeres y pidi\u00f3 no hacer de lado su lucha ni sus voces, pues merecen ser escuchadas y&#8230;<\/p>\n","protected":false},"author":2,"featured_media":1222085,"comment_status":"closed","ping_status":"closed","sticky":false,"template":"","format":"video","meta":{"footnotes":""},"categories":[2053,1972,1997],"tags":[2723,4276,14278,14895],"class_list":["post-1222084","post","type-post","status-publish","format-video","has-post-thumbnail","hentry","category-elecciones-special","category-special","category-noticias-destacadas","tag-gobiernodelagente","tag-asociacion-de-egresados-de-la-facultad-academica-de-ciencias-sociales-de-la-especialidad-en-derecho-asecsd","tag-partido-de-la-revolucion-democratico-prd","tag-presidencia-de-acapulco","post_format-post-format-video"],"_links":{"self":[{"href":"https:\/\/www.acapulcopress.com\/index.php\/wp-json\/wp\/v2\/posts\/1222084","targetHints":{"allow":["GET"]}}],"collection":[{"href":"https:\/\/www.acapulcopress.com\/index.php\/wp-json\/wp\/v2\/posts"}],"about":[{"href":"https:\/\/www.acapulcopress.com\/index.php\/wp-json\/wp\/v2\/types\/post"}],"author":[{"embeddable":true,"href":"https:\/\/www.acapulcopress.com\/index.php\/wp-json\/wp\/v2\/users\/2"}],"replies":[{"embeddable":true,"href":"https:\/\/www.acapulcopress.com\/index.php\/wp-json\/wp\/v2\/comments?post=1222084"}],"version-history":[{"count":0,"href":"https:\/\/www.acapulcopress.com\/index.php\/wp-json\/wp\/v2\/posts\/1222084\/revisions"}],"wp:featuredmedia":[{"embeddable":true,"href":"https:\/\/www.acapulcopress.com\/index.php\/wp-json\/"}],"wp:attachment":[{"href":"https:\/\/www.acapulcopress.com\/index.php\/wp-json\/wp\/v2\/media?parent=1222084"}],"wp:term":[{"taxonomy":"category","embeddable":true,"href":"https:\/\/www.acapulcopress.com\/index.php\/wp-json\/wp\/v2\/categories?post=1222084"},{"taxonomy":"post_tag","embeddable":true,"href":"https:\/\/www.acapulcopress.com\/index.php\/wp-json\/wp\/v2\/tags?post=1222084"}],"curies":[{"name":"wp","href":"https:\/\/api.w.org\/{rel}","templated":true}]}}