{"id":1222099,"date":"2021-03-04T15:16:47","date_gmt":"2021-03-04T21:16:47","guid":{"rendered":"https:\/\/www.acapulcopress.com\/?p=1222099"},"modified":"2021-03-04T15:16:47","modified_gmt":"2021-03-04T21:16:47","slug":"fge-captura-en-totolapan-a-homicida-vinculado-a-los-tequileros","status":"publish","type":"post","link":"https:\/\/www.acapulcopress.com\/index.php\/2021\/03\/04\/fge-captura-en-totolapan-a-homicida-vinculado-a-los-tequileros\/","title":{"rendered":"#FGE captura en Totolapan a homicida vinculado a &#8216;Los Tequileros&#8217;"},"content":{"rendered":"<p style=\"text-align: justify;\">CHILPANCINGO. * 4 de marzo de 2021.<br \/>\n<em>] <a href=\"https:\/\/fiscaliaguerrero.gob.mx\" target=\"_blank\" rel=\"noopener\">https:\/\/fiscaliaguerrero.gob.mx<\/a>.<\/em><\/p>\n<p style=\"text-align: justify;\">La Polic\u00eda Investigadora Ministerial adscrita en Tierra Caliente en coordinaci\u00f3n con agentes ministeriales de Atoyac de \u00c1lvarez, cumplimentaron la orden de aprehensi\u00f3n en contra de Hugo \u00abN\u00bb acusado como probable responsable del delito de Homicidio Calificado, en la carpeta judicial C-13\/2018 y vinculado con el grupo delictivo Los Tequileros.<\/p>\n<p style=\"text-align: justify;\">El detenido es acusado de privar de la vida a la v\u00edctima el d\u00eda 3 de diciembre de 2016, en el momento que se encontraba afuera de su domicilio cuando lleg\u00f3 en compa\u00f1\u00eda de c\u00f3mplices portando armas de fuego que accionaron en contra de su integridad, quedando sin vida en el trayecto para recibir atenci\u00f3n m\u00e9dica, hechos en San Miguel Totolapan.<\/p>\n<p style=\"text-align: justify;\">El d\u00eda 3 de marzo de 2021 se cumpliment\u00f3 la orden de aprehensi\u00f3n por parte de Polic\u00edas Ministeriales de Tierra Caliente y Atoyac de \u00c1lvarez, quedando detenido Hugo \u00abN\u00bb en la parte de la Sierra en el tramo Nueva Deli entronque Puerto del Gallo, municipio de Atoyac.<\/p>\n<p style=\"text-align: justify;\">El detenido queda a disposici\u00f3n del Juez de Control y Enjuiciamiento Penal quien definir\u00e1 la situaci\u00f3n jur\u00eddica.<\/p>\n","protected":false},"excerpt":{"rendered":"<p>CHILPANCINGO. * 4 de marzo de 2021. ] https:\/\/fiscaliaguerrero.gob.mx. La Polic\u00eda Investigadora Ministerial adscrita en Tierra Caliente en coordinaci\u00f3n con agentes ministeriales de Atoyac de \u00c1lvarez, cumplimentaron la orden de aprehensi\u00f3n en contra de Hugo \u00abN\u00bb acusado como probable responsable del delito de Homicidio Calificado, en la carpeta judicial C-13\/2018 y vinculado con el grupo&#8230;<\/p>\n","protected":false},"author":2,"featured_media":1222102,"comment_status":"closed","ping_status":"closed","sticky":false,"template":"","format":"standard","meta":{"footnotes":""},"categories":[18561,2005],"tags":[8682,10946,12111,14737],"class_list":["post-1222099","post","type-post","status-publish","format-standard","has-post-thumbnail","hentry","category-society-politics","category-seguridad-y-justicia","tag-fiscalia-general-de-guerrero-fge","tag-jorge-zuriel-de-los-santos-barrila","tag-los-tequileros","tag-policia-ministerial-de-guerrero"],"_links":{"self":[{"href":"https:\/\/www.acapulcopress.com\/index.php\/wp-json\/wp\/v2\/posts\/1222099","targetHints":{"allow":["GET"]}}],"collection":[{"href":"https:\/\/www.acapulcopress.com\/index.php\/wp-json\/wp\/v2\/posts"}],"about":[{"href":"https:\/\/www.acapulcopress.com\/index.php\/wp-json\/wp\/v2\/types\/post"}],"author":[{"embeddable":true,"href":"https:\/\/www.acapulcopress.com\/index.php\/wp-json\/wp\/v2\/users\/2"}],"replies":[{"embeddable":true,"href":"https:\/\/www.acapulcopress.com\/index.php\/wp-json\/wp\/v2\/comments?post=1222099"}],"version-history":[{"count":0,"href":"https:\/\/www.acapulcopress.com\/index.php\/wp-json\/wp\/v2\/posts\/1222099\/revisions"}],"wp:featuredmedia":[{"embeddable":true,"href":"https:\/\/www.acapulcopress.com\/index.php\/wp-json\/"}],"wp:attachment":[{"href":"https:\/\/www.acapulcopress.com\/index.php\/wp-json\/wp\/v2\/media?parent=1222099"}],"wp:term":[{"taxonomy":"category","embeddable":true,"href":"https:\/\/www.acapulcopress.com\/index.php\/wp-json\/wp\/v2\/categories?post=1222099"},{"taxonomy":"post_tag","embeddable":true,"href":"https:\/\/www.acapulcopress.com\/index.php\/wp-json\/wp\/v2\/tags?post=1222099"}],"curies":[{"name":"wp","href":"https:\/\/api.w.org\/{rel}","templated":true}]}}