{"id":1222108,"date":"2021-03-04T16:41:14","date_gmt":"2021-03-04T22:41:14","guid":{"rendered":"https:\/\/www.acapulcopress.com\/?p=1222108"},"modified":"2021-03-04T16:41:14","modified_gmt":"2021-03-04T22:41:14","slug":"busca-proyecto-de-victor-prosperidad-y-progreso-de-acapulquenos","status":"publish","type":"post","link":"https:\/\/www.acapulcopress.com\/index.php\/2021\/03\/04\/busca-proyecto-de-victor-prosperidad-y-progreso-de-acapulquenos\/","title":{"rendered":"Busca proyecto de #V\u00edctor Aguirre \u00abprosperidad, seguridad y progreso de acapulque\u00f1os\u00bb"},"content":{"rendered":"<p style=\"text-align: justify;\">\u00bb \u00c1ngel <strong>Blanco<\/strong>.<br \/>\nACAPULCO. * 4 de marzo de 2021.<br \/>\n<em>] Acapulco Press.<\/em><\/p>\n<p style=\"text-align: justify;\">Tras de recibir la adhesi\u00f3n de la Asociaci\u00f3n de Egresados de la Facultad Acad\u00e9mica de Ciencias Sociales de la Especialidad en Derecho (Asecsd), que preside Ra\u00fal Irra G\u00f3mez, por considerar a V\u00edctor Aguirre Alcaide como el aspirante m\u00e1s apegado a las necesidades de progreso, desarrollo y prosperidad de los acapulque\u00f1os, el precandidato del PRD a presidente municipal\u00a0dijo sentirse agradecido\u00a0 por el impulso y crecimiento que va teniendo el proyecto que encabeza para integrar el <em>#GobiernoDeLaGente<\/em>, que estar\u00e1 conformado por mujeres y hombres valientes al servicio de Acapulco.<\/p>\n<p style=\"text-align: justify;\">En sus respectivos mensajes, Carlos Larumbe, vicepresidente de la Asecsd, y Reyna G\u00f3mez Moreno, as\u00ed como Obdulio Izquierdo, integrantes de la misma asociaci\u00f3n, se\u00f1alaron que los universitarios est\u00e1n tratando tambi\u00e9n de hacer prevalecer un municipio m\u00e1s sano, de ah\u00ed su determinaci\u00f3n de adherirse al proyecto de Aguirre Alcaide, tras de comprobar que \u00bb V\u00edctor es gente del pueblo, que viene de abajo, y que por eso el pueblo se identifica con sus proyectos\u00bb.<\/p>\n<p style=\"text-align: justify;\">\u00abNecesitamos ya de un cambio verdadero; ya estamos cansados de que los mismos acaparen el poder sin que le den la oportunidad a los universitarios para exponer sus proyectos en beneficio de la sociedad\u00bb, dijo Obdulio Izquierdo, quien solicit\u00f3 a Aguirre que \u00abno se olvide de los universitarios, que tambi\u00e9n estamos en busca del cambio y nuevas oportunidades\u00bb.<\/p>\n<p style=\"text-align: justify;\">En respuesta, Aguirre Alcaide se mostr\u00f3 agradecido con las palabras y adhesiones de Ra\u00fal Irra G\u00f3mez, Carlos Larumbe, Reyna G\u00f3mez Moreno, Obdulio Izquierdo, Laura Mojica Salgado y Emmanuel Guzm\u00e1n, representantes de la Asociaci\u00f3n de Egresados de la Facultad Acad\u00e9mica de Ciencias Sociales de la Especialidad en Derecho (Asecsd), a quienes anunci\u00f3 la garant\u00eda de que ser\u00e1n incluidos en el nuevo <em>#GobiernoDeLaGente<\/em> que seguro encabezar\u00e1 pronto.<\/p>\n<figure id=\"attachment_1222085\" aria-describedby=\"caption-attachment-1222085\" style=\"width: 840px\" class=\"wp-caption alignnone\"><img loading=\"lazy\" decoding=\"async\" class=\"wp-image-1222085 size-large\" src=\"https:\/\/www.acapulco.press\/wp-content\/uploads\/2021\/03\/VAA-ADHESION-2-840x630.jpg\" alt=\"\" width=\"840\" height=\"630\" \/><figcaption id=\"caption-attachment-1222085\" class=\"wp-caption-text\"><strong>Carlos Larumbe, Reyna G\u00f3mez Moreno, Obdulio Izquierdo, Laura Mojica Salgado y Emmanuel Guzm\u00e1n, miembros de Asecsd, se sumaron hoy al proyecto del #GobiernoDeLaGente que encabeza V\u00edctor Aguirre Alcaide.<\/strong><\/figcaption><\/figure>\n<p style=\"text-align: justify;\">ACAPULCO TIENE FUTURO<\/p>\n<p style=\"text-align: justify;\">En su mensaje, V\u00edctor Aguirre Alcaide dijo que su movimiento es un \u00abmovimiento incluyente, transformador, que garantiza democracia, apertura y desarrollo y prosperidad para los acapulque\u00f1os. Un movimiento que tiene futuro\u00bb.<\/p>\n<p style=\"text-align: justify;\"><img loading=\"lazy\" decoding=\"async\" class=\"alignleft size-medium wp-image-1222089\" src=\"https:\/\/www.acapulco.press\/wp-content\/uploads\/2021\/03\/VAA-FEMINISTAS-375x281.jpg\" alt=\"\" width=\"375\" height=\"281\" \/>A\u00f1adi\u00f3 que \u00abAcapulco tiene futuro, y es lo que estamos construyendo d\u00eda a d\u00eda con mujeres y hombres valientes, decididos a dar el paso de un cambio. Un cambio en el mismo lugar en la izquierda, pero una izquierda diferente, una izquierda que le de certeza, que le de direcci\u00f3n, rumbo, a la administraci\u00f3n; una izquierda que de garant\u00eda de prosperidad y de progreso a los acapulque\u00f1os\u00bb.<\/p>\n<p style=\"text-align: justify;\">\u00abCada vez este movimiento va sumando adeptos, y yo me siento muy contento; pero no solo es alegr\u00eda, es compromiso y una responsabilidad con todos ustedes\u00bb, dijo a los integrantes de la asociaci\u00f3n que mostraron hoy su respaldo al<em> movimiento aguirrista<\/em> de V\u00edctor, que luego subray\u00f3 que su compromiso no solo es generar un movimiento transformador e incluyente, sino un modelo de administraci\u00f3n p\u00fablica incluyente y plural donde est\u00e9n las mejores mujeres y los mejores hombres que le sepan dar direcci\u00f3n, confianza, pero sobre todo, resultados a la gente\u00bb.<\/p>\n<p style=\"text-align: justify;\">\u00abVamos a seguir construyendo el futuro de Acapulco con cada uno de los ciudadanos, mujeres y hombres valientes, decididos; vamos a dar el paso hacia el futuro reconociendo que en el pasado nos equivocamos, reconociendo que el presente no est\u00e1 bien, y construyendo el futuro que deseamos: un futuro con seguridad, un futuro con prosperidad, pero sobre todo un futuro que le de confianza a los acapulque\u00f1os\u00bb, suscribi\u00f3.<\/p>\n<p><code><iframe loading=\"lazy\" style=\"border: none; overflow: hidden;\" src=\"https:\/\/www.facebook.com\/plugins\/video.php?height=314&amp;href=https%3A%2F%2Fwww.facebook.com%2Facapulcopress%2Fvideos%2F268031741432154%2F&amp;show_text=false&amp;width=560\" width=\"560\" height=\"314\" frameborder=\"0\" scrolling=\"no\" allowfullscreen=\"allowfullscreen\"><\/iframe><\/code><br \/>\nwww<strong>.acapulcopress.<\/strong>com<\/p>\n","protected":false},"excerpt":{"rendered":"<p>\u00bb \u00c1ngel Blanco. ACAPULCO. * 4 de marzo de 2021. ] Acapulco Press. Tras de recibir la adhesi\u00f3n de la Asociaci\u00f3n de Egresados de la Facultad Acad\u00e9mica de Ciencias Sociales de la Especialidad en Derecho (Asecsd), que preside Ra\u00fal Irra G\u00f3mez, por considerar a V\u00edctor Aguirre Alcaide como el aspirante m\u00e1s apegado a las necesidades&#8230;<\/p>\n","protected":false},"author":2,"featured_media":1222086,"comment_status":"closed","ping_status":"closed","sticky":false,"template":"","format":"video","meta":{"footnotes":""},"categories":[2024,18561],"tags":[2723,4276,5205,7924,11708,13833,14804,15303,15553,17843],"class_list":["post-1222108","post","type-post","status-publish","format-video","has-post-thumbnail","hentry","category-politica-activism","category-society-politics","tag-gobiernodelagente","tag-asociacion-de-egresados-de-la-facultad-academica-de-ciencias-sociales-de-la-especialidad-en-derecho-asecsd","tag-carlos-larumbe","tag-emmanuel-guzman","tag-laura-mojica-salgado","tag-obdulio-izquierdo","tag-prd","tag-raul-irra-gomez","tag-reyna-gomez-moreno","tag-victor-aguirre-alcaide","post_format-post-format-video"],"_links":{"self":[{"href":"https:\/\/www.acapulcopress.com\/index.php\/wp-json\/wp\/v2\/posts\/1222108","targetHints":{"allow":["GET"]}}],"collection":[{"href":"https:\/\/www.acapulcopress.com\/index.php\/wp-json\/wp\/v2\/posts"}],"about":[{"href":"https:\/\/www.acapulcopress.com\/index.php\/wp-json\/wp\/v2\/types\/post"}],"author":[{"embeddable":true,"href":"https:\/\/www.acapulcopress.com\/index.php\/wp-json\/wp\/v2\/users\/2"}],"replies":[{"embeddable":true,"href":"https:\/\/www.acapulcopress.com\/index.php\/wp-json\/wp\/v2\/comments?post=1222108"}],"version-history":[{"count":0,"href":"https:\/\/www.acapulcopress.com\/index.php\/wp-json\/wp\/v2\/posts\/1222108\/revisions"}],"wp:featuredmedia":[{"embeddable":true,"href":"https:\/\/www.acapulcopress.com\/index.php\/wp-json\/"}],"wp:attachment":[{"href":"https:\/\/www.acapulcopress.com\/index.php\/wp-json\/wp\/v2\/media?parent=1222108"}],"wp:term":[{"taxonomy":"category","embeddable":true,"href":"https:\/\/www.acapulcopress.com\/index.php\/wp-json\/wp\/v2\/categories?post=1222108"},{"taxonomy":"post_tag","embeddable":true,"href":"https:\/\/www.acapulcopress.com\/index.php\/wp-json\/wp\/v2\/tags?post=1222108"}],"curies":[{"name":"wp","href":"https:\/\/api.w.org\/{rel}","templated":true}]}}