{"id":1222118,"date":"2021-03-04T17:10:11","date_gmt":"2021-03-04T23:10:11","guid":{"rendered":"https:\/\/www.acapulcopress.com\/?p=1222118"},"modified":"2021-03-04T17:10:11","modified_gmt":"2021-03-04T23:10:11","slug":"fiscalia-y-sedena-implementan-operativos-en-siete-regiones-de-guerrero","status":"publish","type":"post","link":"https:\/\/www.acapulcopress.com\/index.php\/2021\/03\/04\/fiscalia-y-sedena-implementan-operativos-en-siete-regiones-de-guerrero\/","title":{"rendered":"Fiscal\u00eda y Sedena implementan operativos en siete regiones de Guerrero"},"content":{"rendered":"<p>CHILPANCINGO. * 4 de marzo de 2021.<br \/>\n<em>]<a href=\"https:\/\/fiscaliaguerrero.gob.mx\" target=\"_blank\" rel=\"noopener\"> https:\/\/fiscaliaguerrero.gob.mx<\/a>.<\/em><\/p>\n<p style=\"text-align: justify;\">Este jueves por instrucci\u00f3n del Fiscal General del Estado, Jorge Zuriel de los Santos Barrila, Agentes Ministeriales contin\u00faan realizando operativos en coordinaci\u00f3n con elementos de la Secretar\u00eda de Seguridad P\u00fablica Estatal, Guardia Nacional y SEDENA en avenidas principales y centros de abasto en las siete regiones de la entidad, esto con el prop\u00f3sito de mantener la incidencia delictiva a la baja.<\/p>\n","protected":false},"excerpt":{"rendered":"<p>CHILPANCINGO. * 4 de marzo de 2021. ] https:\/\/fiscaliaguerrero.gob.mx. Este jueves por instrucci\u00f3n del Fiscal General del Estado, Jorge Zuriel de los Santos Barrila, Agentes Ministeriales contin\u00faan realizando operativos en coordinaci\u00f3n con elementos de la Secretar\u00eda de Seguridad P\u00fablica Estatal, Guardia Nacional y SEDENA en avenidas principales y centros de abasto en las siete regiones&#8230;<\/p>\n","protected":false},"author":2,"featured_media":1222119,"comment_status":"closed","ping_status":"closed","sticky":false,"template":"","format":"standard","meta":{"footnotes":""},"categories":[18561,2005],"tags":[8682,10946,14737],"class_list":["post-1222118","post","type-post","status-publish","format-standard","has-post-thumbnail","hentry","category-society-politics","category-seguridad-y-justicia","tag-fiscalia-general-de-guerrero-fge","tag-jorge-zuriel-de-los-santos-barrila","tag-policia-ministerial-de-guerrero"],"_links":{"self":[{"href":"https:\/\/www.acapulcopress.com\/index.php\/wp-json\/wp\/v2\/posts\/1222118","targetHints":{"allow":["GET"]}}],"collection":[{"href":"https:\/\/www.acapulcopress.com\/index.php\/wp-json\/wp\/v2\/posts"}],"about":[{"href":"https:\/\/www.acapulcopress.com\/index.php\/wp-json\/wp\/v2\/types\/post"}],"author":[{"embeddable":true,"href":"https:\/\/www.acapulcopress.com\/index.php\/wp-json\/wp\/v2\/users\/2"}],"replies":[{"embeddable":true,"href":"https:\/\/www.acapulcopress.com\/index.php\/wp-json\/wp\/v2\/comments?post=1222118"}],"version-history":[{"count":0,"href":"https:\/\/www.acapulcopress.com\/index.php\/wp-json\/wp\/v2\/posts\/1222118\/revisions"}],"wp:featuredmedia":[{"embeddable":true,"href":"https:\/\/www.acapulcopress.com\/index.php\/wp-json\/"}],"wp:attachment":[{"href":"https:\/\/www.acapulcopress.com\/index.php\/wp-json\/wp\/v2\/media?parent=1222118"}],"wp:term":[{"taxonomy":"category","embeddable":true,"href":"https:\/\/www.acapulcopress.com\/index.php\/wp-json\/wp\/v2\/categories?post=1222118"},{"taxonomy":"post_tag","embeddable":true,"href":"https:\/\/www.acapulcopress.com\/index.php\/wp-json\/wp\/v2\/tags?post=1222118"}],"curies":[{"name":"wp","href":"https:\/\/api.w.org\/{rel}","templated":true}]}}