{"id":1222132,"date":"2021-03-04T17:49:56","date_gmt":"2021-03-04T23:49:56","guid":{"rendered":"https:\/\/www.acapulcopress.com\/?p=1222132"},"modified":"2021-03-04T17:49:56","modified_gmt":"2021-03-04T23:49:56","slug":"mario-la-politica-ante-su-mayor-reto","status":"publish","type":"post","link":"https:\/\/www.acapulcopress.com\/index.php\/2021\/03\/04\/mario-la-politica-ante-su-mayor-reto\/","title":{"rendered":"Mario | La pol\u00edtica ante su mayor reto"},"content":{"rendered":"<p style=\"text-align: justify;\">Tercera V\u00eda<br \/>\nMario, la pol\u00edtica ante su mayor reto<br \/>\n\u00bb <strong>Ernesto Rivera Rodr\u00edguez<\/strong>.<\/p>\n<p style=\"text-align: justify;\">La pol\u00edtica en tiempos de la pandemia, aunque parezca repetitivo, es verdaderamente la esperanza de un bien social a alcanzar donde en Guerrero hoy los cimientos han sido colocados de forma institucional y estructurada por un gobierno del cual se tomar\u00e1n los principales ejes que han permitido dejar atr\u00e1s retrasos pol\u00edticos y sociales pavimentados los caminos hacia mejores estadios.<\/p>\n<p style=\"text-align: justify;\">Mario Moreno Arcos a caminado esos senderos que son parte fundamental de su haber Pol\u00edtico intelectual e ideol\u00f3gico, que hoy le son tan vitales para estar seguro de no perder lo logrado, de convertir a una sociedad, a un pueblo como el guerrerense en un ente disociado por sus a\u00f1ejos atavismos de pobreza, al que le se\u00f1alan en su cara su sino de violencia y atraso, y tiene como lo ha se\u00f1alado, la obligaci\u00f3n de generar desde lo m\u00e1s profundo de su gloriosa historia el rescate del guerrerense \u00e1vido de nuevos amaneceres.<\/p>\n<p style=\"text-align: justify;\">El candidato pri\u00edsta al gobierno del estado, Mario Moreno, tiene sobre la mesa el diagn\u00f3stico real del c\u00f3mo y porqu\u00e9 Guerrero, est\u00e1 donde se encuentra y como su gobernante actual H\u00e9ctor Astudillo Flores, fue capaz con \u00e9l a su diestra de trabajar con una pol\u00edtica multidimensional para sostener con mano firme y con un \u00abconstructo de Orden y Paz\u00bb como el motor generador de una pol\u00edtica constructiva d\u00eda con d\u00eda, que lo tiene en el Top 10 de los mejores gobernadores del estado.<\/p>\n<p style=\"text-align: justify;\">La pol\u00edtica <em>astudillista<\/em> se levant\u00f3 como las \u00abbrechas corta fuego\u00bb al generar bajo la m\u00e1s inaudita presi\u00f3n los instrumentos pol\u00edticos y de su aplicaci\u00f3n para contener no s\u00f3lo la violencia que desde la \u00abMesa para la Construcci\u00f3n de la Paz\u00bb ha instalado a Guerrero entre los estados con una firme disminuci\u00f3n de la violencia y contener bajo la m\u00e1s grave presi\u00f3n econ\u00f3mica y social una pandemia jam\u00e1s imaginada que a nivel global se convirti\u00f3 en una devoradora de seres humanos y econom\u00edas nacionales, c\u00f3mo lo padece el mism\u00edsimo estado de Guerrero hasta la fecha, y la par sin dejar de alentar las pol\u00edticas de desarrollo social, donde el art\u00edfice de su aplicaci\u00f3n es hoy el c\u00e1ndidato a la gubernatura del estado, Mario Moreno Arcos.<\/p>\n<p style=\"text-align: justify;\">Tener la serenidad y montar con celeridad y firmeza y sin desviar la atenci\u00f3n a embestidas medi\u00e1ticas contra diversos actores pol\u00edticos Mario Moreno Arcos, tiene ya en sus manos el programa pol\u00edtico ideol\u00f3gico que como instrumento de acci\u00f3n pol\u00edtica con su equipo y su partido el Revolucionario Institucional, motor y vida de su destino presentar\u00e1 como la mejor opci\u00f3n para un pueblo, su pueblo, \u00e1vido de mejores estadios.<\/p>\n","protected":false},"excerpt":{"rendered":"<p>Tercera V\u00eda Mario, la pol\u00edtica ante su mayor reto \u00bb Ernesto Rivera Rodr\u00edguez. La pol\u00edtica en tiempos de la pandemia, aunque parezca repetitivo, es verdaderamente la esperanza de un bien social a alcanzar donde en Guerrero hoy los cimientos han sido colocados de forma institucional y estructurada por un gobierno del cual se tomar\u00e1n los&#8230;<\/p>\n","protected":false},"author":2,"featured_media":1222126,"comment_status":"closed","ping_status":"closed","sticky":false,"template":"","format":"standard","meta":{"footnotes":""},"categories":[2071,1991],"tags":[8063,9705,12685,17071],"class_list":["post-1222132","post","type-post","status-publish","format-standard","has-post-thumbnail","hentry","category-opinion-analisis-columnas","category-libertad-de-expresion","tag-ernesto-rivera-rodriguez","tag-hector-astudillo-flores","tag-mario-moreno-arcos","tag-tercera-via"],"_links":{"self":[{"href":"https:\/\/www.acapulcopress.com\/index.php\/wp-json\/wp\/v2\/posts\/1222132","targetHints":{"allow":["GET"]}}],"collection":[{"href":"https:\/\/www.acapulcopress.com\/index.php\/wp-json\/wp\/v2\/posts"}],"about":[{"href":"https:\/\/www.acapulcopress.com\/index.php\/wp-json\/wp\/v2\/types\/post"}],"author":[{"embeddable":true,"href":"https:\/\/www.acapulcopress.com\/index.php\/wp-json\/wp\/v2\/users\/2"}],"replies":[{"embeddable":true,"href":"https:\/\/www.acapulcopress.com\/index.php\/wp-json\/wp\/v2\/comments?post=1222132"}],"version-history":[{"count":0,"href":"https:\/\/www.acapulcopress.com\/index.php\/wp-json\/wp\/v2\/posts\/1222132\/revisions"}],"wp:featuredmedia":[{"embeddable":true,"href":"https:\/\/www.acapulcopress.com\/index.php\/wp-json\/"}],"wp:attachment":[{"href":"https:\/\/www.acapulcopress.com\/index.php\/wp-json\/wp\/v2\/media?parent=1222132"}],"wp:term":[{"taxonomy":"category","embeddable":true,"href":"https:\/\/www.acapulcopress.com\/index.php\/wp-json\/wp\/v2\/categories?post=1222132"},{"taxonomy":"post_tag","embeddable":true,"href":"https:\/\/www.acapulcopress.com\/index.php\/wp-json\/wp\/v2\/tags?post=1222132"}],"curies":[{"name":"wp","href":"https:\/\/api.w.org\/{rel}","templated":true}]}}