{"id":1222165,"date":"2021-03-04T10:42:03","date_gmt":"2021-03-04T16:42:03","guid":{"rendered":"https:\/\/www.acapulcopress.com\/?p=1222165"},"modified":"2021-03-04T10:42:03","modified_gmt":"2021-03-04T16:42:03","slug":"alista-yair-garcia-su-estructura-en-el-distrito-4-local","status":"publish","type":"post","link":"https:\/\/www.acapulcopress.com\/index.php\/2021\/03\/04\/alista-yair-garcia-su-estructura-en-el-distrito-4-local\/","title":{"rendered":"Alista #Yair Garc\u00eda su estructura electoral en el Distrito 4 Local"},"content":{"rendered":"<p>ACAPULO. * 4 de marzo de 2021.<br \/>\n<em>] Especial.<\/em><\/p>\n<p style=\"text-align: justify;\">El <em>Ciudadano de Tiempo Completo,<\/em> #Yair Garc\u00eda Delgado, reconoci\u00f3 que la elecci\u00f3n del 6 de junio no ser\u00e1 un d\u00eda de campo, pues la oposici\u00f3n buscar\u00e1 a como d\u00e9 lugar recuperar el poder en el congreso, por ello contin\u00faa, en lo personal, su trabajo de construcci\u00f3n de los Comit\u00e9s de Protagonistas de Cambio Verdadero, a fin de lograr el prop\u00f3sito de ganar la coordinaci\u00f3n del Distrito 4 local de Acapulco y cumplir los preceptos de la 4T.<\/p>\n<p>El <em>Ciudadano de Tiempo Completo<\/em> inform\u00f3 que actualmente se trabaja en el llamado a todos\u00a0 los coordinadores de dicho distrito para preparar la fiesta democr\u00e1tica que viviremos en los pr\u00f3ximos d\u00edas.<\/p>\n\n","protected":false},"excerpt":{"rendered":"<p>ACAPULO. * 4 de marzo de 2021. ] Especial. El Ciudadano de Tiempo Completo, #Yair Garc\u00eda Delgado, reconoci\u00f3 que la elecci\u00f3n del 6 de junio no ser\u00e1 un d\u00eda de campo, pues la oposici\u00f3n buscar\u00e1 a como d\u00e9 lugar recuperar el poder en el congreso, por ello contin\u00faa, en lo personal, su trabajo de construcci\u00f3n&#8230;<\/p>\n","protected":false},"author":2,"featured_media":1222167,"comment_status":"closed","ping_status":"closed","sticky":false,"template":"","format":"standard","meta":{"footnotes":""},"categories":[2024,18561],"tags":[5826,13297,18204],"class_list":["post-1222165","post","type-post","status-publish","format-standard","has-post-thumbnail","hentry","category-politica-activism","category-society-politics","tag-ciudadano-de-tiempo-completo","tag-morena","tag-yair-garcia-delgado"],"_links":{"self":[{"href":"https:\/\/www.acapulcopress.com\/index.php\/wp-json\/wp\/v2\/posts\/1222165","targetHints":{"allow":["GET"]}}],"collection":[{"href":"https:\/\/www.acapulcopress.com\/index.php\/wp-json\/wp\/v2\/posts"}],"about":[{"href":"https:\/\/www.acapulcopress.com\/index.php\/wp-json\/wp\/v2\/types\/post"}],"author":[{"embeddable":true,"href":"https:\/\/www.acapulcopress.com\/index.php\/wp-json\/wp\/v2\/users\/2"}],"replies":[{"embeddable":true,"href":"https:\/\/www.acapulcopress.com\/index.php\/wp-json\/wp\/v2\/comments?post=1222165"}],"version-history":[{"count":0,"href":"https:\/\/www.acapulcopress.com\/index.php\/wp-json\/wp\/v2\/posts\/1222165\/revisions"}],"wp:featuredmedia":[{"embeddable":true,"href":"https:\/\/www.acapulcopress.com\/index.php\/wp-json\/"}],"wp:attachment":[{"href":"https:\/\/www.acapulcopress.com\/index.php\/wp-json\/wp\/v2\/media?parent=1222165"}],"wp:term":[{"taxonomy":"category","embeddable":true,"href":"https:\/\/www.acapulcopress.com\/index.php\/wp-json\/wp\/v2\/categories?post=1222165"},{"taxonomy":"post_tag","embeddable":true,"href":"https:\/\/www.acapulcopress.com\/index.php\/wp-json\/wp\/v2\/tags?post=1222165"}],"curies":[{"name":"wp","href":"https:\/\/api.w.org\/{rel}","templated":true}]}}