{"id":1222176,"date":"2021-03-04T21:20:00","date_gmt":"2021-03-05T03:20:00","guid":{"rendered":"https:\/\/www.acapulcopress.com\/?p=1222176"},"modified":"2021-03-04T21:20:00","modified_gmt":"2021-03-05T03:20:00","slug":"instruye-ine-a-partidos-incluir-una-formula-migrante-en-listas-de-diputados","status":"publish","type":"post","link":"https:\/\/www.acapulcopress.com\/index.php\/2021\/03\/04\/instruye-ine-a-partidos-incluir-una-formula-migrante-en-listas-de-diputados\/","title":{"rendered":"Instruye INE a partidos incluir una f\u00f3rmula migrante en listas de diputados"},"content":{"rendered":"<p style=\"text-align: justify;\"><em>* Se acata as\u00ed la sentencia del TEPJF que contempla que los partidos modifiquen sus cinco listas de candidaturas al Congreso Federal. <\/em><br \/>\n<strong><em>* Las personas migrantes deber\u00e1n figurar en los primeros 10 lugares de cada listado, respetando el principio de paridad. <\/em><\/strong><br \/>\n<em>* Podr\u00e1n tener candidaturas, pero la Constituci\u00f3n no contempla el voto desde el exterior para diputaciones federales.<\/em><\/p>\n<p style=\"text-align: justify;\">\u00a0CIUDAD DE M\u00c9XICO. * 4 de marzo de 2021.<br \/>\n<em>] INE.<\/em><\/p>\n<p style=\"text-align: justify;\">El Instituto Nacional Electoral (INE), en acatamiento a una sentencia del Tribunal Electoral del Poder Judicial de la Federaci\u00f3n (TEPJF), modific\u00f3 los Criterios Aplicables para el Registro de Candidaturas a Diputaciones por ambos principios que presenten los Partidos Pol\u00edticos Nacionales y, en su caso, las Coaliciones ante los Consejos del Instituto, para el Proceso Electoral Federal 2020-2021, para incluir una f\u00f3rmula de candidaturas migrantes en los primeros 10 lugares.<\/p>\n<p style=\"text-align: justify;\">El Consejero Presidente del INE, Lorenzo C\u00f3rdova, mencion\u00f3 que cambiar las reglas del juego una vez que \u00e9ste ha iniciado va en contra del principio de certeza al que est\u00e1n obligadas todas las autoridades electorales, por m\u00e1s que se quiera maximizar derechos.<\/p>\n<p style=\"text-align: justify;\">\u201cEl problema no son los qu\u00e9s, yo coincido con la maximizaci\u00f3n del derecho, el problema son los c\u00f3mos y creo que no est\u00e1n maximiz\u00e1ndose los derechos de la mejor manera, sobre todo por las contradicciones y los absurdos conceptuales que esta decisi\u00f3n est\u00e1 trayendo consigo\u201d.<\/p>\n<p style=\"text-align: justify;\">La representaci\u00f3n democr\u00e1tica -agreg\u00f3 C\u00f3rdova- est\u00e1 sustentada en el voto y hoy estamos d\u00e1ndole representaci\u00f3n a representantes de una comunidad que no los puede votar.<\/p>\n<p style=\"text-align: justify;\">\u201cEl absurdo es todav\u00eda mayor, va a haber representantes de migrantes y qu\u00e9 bueno que los haya, nada m\u00e1s que no los van a votar los migrantes, ning\u00fan migrante va a poder votar por sus representantes, los vamos a votar los que no somos migrantes\u201d.<\/p>\n<p style=\"text-align: justify;\">Esto se puede resolver de manera muy sencilla, indic\u00f3 el Consejero Presidente, d\u00e1ndole el derecho a los migrantes para votar por representantes tambi\u00e9n en la elecci\u00f3n de diputados, pero la Constituci\u00f3n no lo prev\u00e9. \u201cHicimos las cosas al rev\u00e9s, y la maximizaci\u00f3n de derechos, para que efectivamente sea tal, tiene que ser congruente, no es maximizar derechos por maximizar derechos, porque podemos provocarle al sistema democr\u00e1tico un da\u00f1o que puede acabar provocando que esa maximizaci\u00f3n de derechos termine posponi\u00e9ndose indefinidamente\u201d.<\/p>\n<p style=\"text-align: justify;\">Se debe reconocer la importancia de las y los mexicanos en el exterior<\/p>\n<p style=\"text-align: justify;\">Por su parte, la Consejera Carla Humphrey, presidenta de la Comisi\u00f3n de Igualdad de G\u00e9nero y No Discriminaci\u00f3n del INE, se\u00f1al\u00f3 que, si bien la sentencia y la medida sin duda llega tarde en este proceso electoral, tambi\u00e9n se debe reconocer la importancia de las y los mexicanos residentes en el exterior y la necesidad de integrarlos en la vida p\u00fablica del pa\u00eds, adem\u00e1s de que es un mandato derivado de diversos instrumentos internacionales.<\/p>\n<p style=\"text-align: justify;\">\u201cEs momento de caminar m\u00e1s lejos en los derechos pol\u00edticos y electorales de las y los migrantes. Sin duda, adem\u00e1s, se requieren reformas al marco electoral que faculte esta participaci\u00f3n. Es momento de transitar ya a una representaci\u00f3n en el Congreso de la Uni\u00f3n para las y los migrantes, es decir, establecer diputaciones migrantes\u201d.<\/p>\n<p style=\"text-align: justify;\">La determinaci\u00f3n se da porque los partidos han sido omisos desde hace 10 a\u00f1os<\/p>\n<p style=\"text-align: justify;\">La Consejera Claudia Zavala, presidenta de la Comisi\u00f3n de Prerrogativas y Partidos Pol\u00edticos, explic\u00f3 que es importante dar cauce a los derechos de las personas para hacer viable su ejercicio.<\/p>\n<p style=\"text-align: justify;\">Indic\u00f3 que los partidos tienen raz\u00f3n en cuanto a la tardanza de la medida; sin embargo, ellos han sido omisos durante 10 a\u00f1os para legislar al respecto.<\/p>\n<p style=\"text-align: justify;\">\u201cLos partidos pol\u00edticos, sus militantes son los que integran la C\u00e1mara de Diputados y la C\u00e1mara de Senadores, ellos son el conducto por el que llegan nuestros representantes populares y la pregunta es, a 10 a\u00f1os de una reforma pro derechos humanos, el art\u00edculo 1\u00b0 constitucional, \u00bfqu\u00e9 han hecho nuestros representantes?\u201d, cuestion\u00f3.<\/p>\n<p style=\"text-align: justify;\">Contradicci\u00f3n que las y los residentes en el exterior puedan ser votados, pero no tengan derecho a votar<\/p>\n<p style=\"text-align: justify;\">Los mexicanos residentes en el exterior tienen derecho al voto en las elecciones federales para la Presidencia y el Senado, no para la C\u00e1mara de Diputados. Por lo mismo es que no hay Lista Nominal en el exterior para las elecciones a la C\u00e1mara, as\u00ed el Tribunal mandata que haya representantes sin votantes, expres\u00f3 el Consejero Ciro Murayama.<\/p>\n<p style=\"text-align: justify;\">\u201cDe esta forma, habr\u00e1 ciudadanos con derecho a ser votados, pero sin derecho al voto; b\u00fasquese ejemplos, casos en el mundo entero y dudo que se encuentre tal excepcionalidad, no hay derecho al voto, pero s\u00ed a la representaci\u00f3n\u201d.<\/p>\n<p style=\"text-align: justify;\">Bienvenida la expansi\u00f3n de derechos de los migrantes, agreg\u00f3 Murayama, pero es una decisi\u00f3n de la soberan\u00eda reflejada en el Congreso. \u201cH\u00e1gase bien, no de forma tard\u00eda, ni invadiendo facultades de otros poderes\u201d.<\/p>\n<p style=\"text-align: justify;\">Sentencia del TEPJF contradice sus propias determinaciones previas<\/p>\n<p style=\"text-align: justify;\">La Consejera Dania Ravel argument\u00f3 que la adopci\u00f3n de esta medida ordenada por la Sala Superior contradice otras que el mismo \u00f3rgano ha tomado previamente en materia de inclusi\u00f3n de acciones afirmativas.<\/p>\n<p style=\"text-align: justify;\">Anteriormente, la Sala Superior estableci\u00f3 que en caso de que se pretendieran adoptar medidas afirmativas adicionales a las establecidas en la legislaci\u00f3n, el momento id\u00f3neo para implementar este tipo de acciones, en el caso de las autoridades administrativas electorales, es previo al inicio del proceso electoral o del desarrollo de los procedimientos de selecci\u00f3n de candidaturas, disposici\u00f3n que el propio TEPJF no ha considerado.<\/p>\n<p style=\"text-align: justify;\">La Consejera Ravel a\u00f1adi\u00f3 que el Tribunal ha impuesto al INE la carga de justificar la medida de manera suficiente. \u201cLa carga de motivar exhaustivamente una medida afirmativa no deber\u00eda ser s\u00f3lo aplicable a las autoridades administrativas electorales, las autoridades jurisdiccionales deber\u00edan aplicar en ellas mismas los par\u00e1metros de exigencia que imponen a otros\u201d.<\/p>\n<p style=\"text-align: justify;\">Importante analizar los resultados y alcances de las acciones afirmativas<\/p>\n<p style=\"text-align: justify;\">El Consejero Mart\u00edn Faz record\u00f3 que la implementaci\u00f3n de acciones afirmativas debe acompa\u00f1arse de elementos objetivos que permitan analizar la efectividad de la medida que, para el caso, deber\u00e1 traducirse en la representaci\u00f3n de los intereses de las mexicanas y los mexicanos radicados en el extranjero, en la C\u00e1mara de Diputados.<\/p>\n<p style=\"text-align: justify;\">Por ello, dijo, es importante que el INE, una vez terminado el proceso electoral en curso, realice los informes, estudios, foros y consultas que sean necesarios para conocer los resultados y alcances de las acciones afirmativas acordadas, con el prop\u00f3sito de contar con evidencia sobre su eficacia y brinde una gu\u00eda para la implementaci\u00f3n de nuevas medidas en el futuro.<\/p>\n<p style=\"text-align: justify;\">\u201cS\u00f3lo con una reflexi\u00f3n de este tipo podremos asegurarnos que estas acciones afirmativas est\u00e1n cumpliendo con su finalidad y est\u00e1n llegando a sus verdaderos destinatarios\u201d, sentenci\u00f3.<\/p>\n<p style=\"text-align: justify;\">Con el acatamiento de esta sentencia avanzamos en la participaci\u00f3n de las y los connacionales<\/p>\n<p style=\"text-align: justify;\">La Consejera Norma De la Cruz se\u00f1al\u00f3 que, con este acatamiento, se da un paso m\u00e1s en el camino para reconocer de forma plena los derechos pol\u00edtico-electorales de las personas mexicanas residentes en el extranjero y personas mexicanas migrantes, ya que esta medida se suma a las que desde hace varios a\u00f1os el IFE y ahora el INE ha implementado en favor de este grupo de poblaci\u00f3n como la credencializaci\u00f3n, su inclusi\u00f3n en la Lista Nominal y la promoci\u00f3n de su voto.<\/p>\n<p style=\"text-align: justify;\">\u201cTodas estas medidas son importantes pero insuficientes, por lo que a trav\u00e9s de la acci\u00f3n afirmativa que adoptamos hoy para la postulaci\u00f3n de diputaciones federales por el principio de representaci\u00f3n proporcional, en los primeros 10 lugares de cada una de las cinco circunscripciones, como una medida temporal, razonable, proporcional, objetiva y orientada a la igualdad material, se busca compensar la situaci\u00f3n de desventaja y revertir la condici\u00f3n de desigualdad hist\u00f3rica que han padecido las personas mexicanas migrantes y residentes en el extranjero, con miras a que nuestros espacios de representaci\u00f3n pol\u00edtica sean un reflejo de la diversidad que conforma la sociedad mexicana\u201d.<\/p>\n<p style=\"text-align: justify;\">La medida afecta severamente la autodeterminaci\u00f3n de los partidos<\/p>\n<p style=\"text-align: justify;\">El Consejero Jaime Rivera manifest\u00f3 que \u00e9sta, es una medida tard\u00eda por parte del Tribunal, que tiene muchas consecuencias que afectan las decisiones que han tomado ya los partidos pol\u00edticos.<\/p>\n<p style=\"text-align: justify;\">\u201cSe trata de un momento, cuando ya concluyeron las precampa\u00f1as, cuando han realizado aparte de los acuerdos pol\u00edticos internos, en algunos casos con otros partidos con los que media coalici\u00f3n para ir conformando sus candidaturas, tanto de mayor\u00eda relativa como de representaci\u00f3n proporcional\u201d.<\/p>\n<p style=\"text-align: justify;\">\u201cHacerlo ahora, como lo ordena el Tribunal, afecta severamente la autodeterminaci\u00f3n de los partidos, para decidir sobre la composici\u00f3n potencial de su representaci\u00f3n parlamentaria\u201d, destac\u00f3 Rivera.<\/p>\n<p style=\"text-align: justify;\">Despojar a 100 mujeres y hombres es un abuso de autoridad y un desprop\u00f3sito<\/p>\n<p style=\"text-align: justify;\">Despojar a 100 mujeres y hombres de sus posiciones en las listas de representaci\u00f3n proporcional de todos los partidos pol\u00edticos, es un abuso de autoridad y un desprop\u00f3sito para el desarrollo de la democracia, asever\u00f3 el Consejero Uuc-kib Espadas.<\/p>\n<p style=\"text-align: justify;\">\u201cImponer criterios sobre las personas que deber\u00e1n ser incluidas en cada lista de representaci\u00f3n proporcional a los partidos, sin duda revela un profundo desprecio para la militancia partidista, la funci\u00f3n de los partidos, el m\u00e9rito personal de las ciudadanas y ciudadanos que, a lo largo de a\u00f1os, en algunos casos de d\u00e9cadas, a trav\u00e9s de equipos y no en lo individual, hab\u00edan ya logrado posicionarse en las listas de sus respectivos partidos pol\u00edticos\u201d.<\/p>\n<p style=\"text-align: justify;\">La sentencia que se ejecuta, a\u00f1adi\u00f3 el Consejero Espadas, se tom\u00f3 sin existir ning\u00fan tipo de an\u00e1lisis f\u00e1ctico de lo que se pretende.<\/p>\n<p style=\"text-align: justify;\">Acciones afirmativas son necesarias<\/p>\n<p style=\"text-align: justify;\">Al argumentar su acuerdo con las acciones afirmativas, la Consejera Adriana Favela resalt\u00f3 la necesidad de tener personas en la C\u00e1mara Baja que puedan llevar acciones a favor de las personas migrantes.<\/p>\n<p style=\"text-align: justify;\">\u201cAl ser M\u00e9xico un pa\u00eds con tantas personas en diferentes circunstancias, pues tenemos que tener una representaci\u00f3n, obviamente, en la C\u00e1mara de Diputados. Y de ah\u00ed surgi\u00f3 la necesidad de tener las acciones afirmativas, porque, precisamente, hay grupos que est\u00e1n discriminados, que no han sido adecuadamente representados y aunque tenemos representantes populares, no se hacen cargo de los temas que implican a cada uno de estos sectores de la poblaci\u00f3n\u201d.<\/p>\n","protected":false},"excerpt":{"rendered":"<p>* Se acata as\u00ed la sentencia del TEPJF que contempla que los partidos modifiquen sus cinco listas de candidaturas al Congreso Federal. * Las personas migrantes deber\u00e1n figurar en los primeros 10 lugares de cada listado, respetando el principio de paridad. * Podr\u00e1n tener candidaturas, pero la Constituci\u00f3n no contempla el voto desde el exterior&#8230;<\/p>\n","protected":false},"author":2,"featured_media":1222177,"comment_status":"closed","ping_status":"closed","sticky":false,"template":"","format":"standard","meta":{"footnotes":""},"categories":[1969],"tags":[7339,7806,10133,10337,17391],"class_list":["post-1222176","post","type-post","status-publish","format-standard","has-post-thumbnail","hentry","category-trending","tag-diputado-migrante","tag-elecciones-2021","tag-ine","tag-instituto-nacional-electoral-ine","tag-tribunal-electoral-del-poder-judicial-de-la-federacion-tepjf"],"_links":{"self":[{"href":"https:\/\/www.acapulcopress.com\/index.php\/wp-json\/wp\/v2\/posts\/1222176","targetHints":{"allow":["GET"]}}],"collection":[{"href":"https:\/\/www.acapulcopress.com\/index.php\/wp-json\/wp\/v2\/posts"}],"about":[{"href":"https:\/\/www.acapulcopress.com\/index.php\/wp-json\/wp\/v2\/types\/post"}],"author":[{"embeddable":true,"href":"https:\/\/www.acapulcopress.com\/index.php\/wp-json\/wp\/v2\/users\/2"}],"replies":[{"embeddable":true,"href":"https:\/\/www.acapulcopress.com\/index.php\/wp-json\/wp\/v2\/comments?post=1222176"}],"version-history":[{"count":0,"href":"https:\/\/www.acapulcopress.com\/index.php\/wp-json\/wp\/v2\/posts\/1222176\/revisions"}],"wp:featuredmedia":[{"embeddable":true,"href":"https:\/\/www.acapulcopress.com\/index.php\/wp-json\/"}],"wp:attachment":[{"href":"https:\/\/www.acapulcopress.com\/index.php\/wp-json\/wp\/v2\/media?parent=1222176"}],"wp:term":[{"taxonomy":"category","embeddable":true,"href":"https:\/\/www.acapulcopress.com\/index.php\/wp-json\/wp\/v2\/categories?post=1222176"},{"taxonomy":"post_tag","embeddable":true,"href":"https:\/\/www.acapulcopress.com\/index.php\/wp-json\/wp\/v2\/tags?post=1222176"}],"curies":[{"name":"wp","href":"https:\/\/api.w.org\/{rel}","templated":true}]}}