{"id":1222182,"date":"2021-03-04T21:37:01","date_gmt":"2021-03-05T03:37:01","guid":{"rendered":"https:\/\/www.acapulcopress.com\/?p=1222182"},"modified":"2021-03-04T21:37:01","modified_gmt":"2021-03-05T03:37:01","slug":"gobierno-federal-presenta-plan-para-prevenir-violencia-politica-en-elecciones-del-6-de-junio","status":"publish","type":"post","link":"https:\/\/www.acapulcopress.com\/index.php\/2021\/03\/04\/gobierno-federal-presenta-plan-para-prevenir-violencia-politica-en-elecciones-del-6-de-junio\/","title":{"rendered":"Gobierno federal presenta plan para prevenir violencia pol\u00edtica en elecciones del 6 de junio"},"content":{"rendered":"<p style=\"text-align: justify;\">CIUDAD DE M\u00c9XICO. * 4 de marzo de 2021.<br \/>\n<em>] Gobierno de M\u00e9xico.<\/em><\/p>\n<p style=\"text-align: justify;\">El presidente Andr\u00e9s Manuel L\u00f3pez Obrador encabez\u00f3 la presentaci\u00f3n de un plan de protecci\u00f3n a candidatas y candidatos a cargos de elecci\u00f3n popular con el objetivo de evitar amenazas, agresiones o intimidaciones antes y durante las elecciones que se llevar\u00e1n a cabo el pr\u00f3ximo 6 de junio.<\/p>\n<p style=\"text-align: justify;\"><img loading=\"lazy\" decoding=\"async\" class=\"alignleft size-medium wp-image-1222184\" src=\"https:\/\/www.acapulco.press\/wp-content\/uploads\/2021\/03\/GOBIERNO-MX-375x250.jpg\" alt=\"\" width=\"375\" height=\"250\" \/>\u201cQueremos enfrentarlo para que se garantice la libertad de todos y que sean los ciudadanos los que elijan, no los grupos de intereses creados, no la delincuencia organizada, no la delincuencia de cuello blanco. Que no haya candidatos a modo, que no haya grandes electores\u201d, remarc\u00f3.<\/p>\n<p style=\"text-align: justify;\">En conferencia de prensa matutina indic\u00f3 que el gobierno federal dialoga con los gobiernos estatales de las 32 entidades federativas para cuidar de manera conjunta a las y los candidatos; asimismo, convoc\u00f3 a la Comisi\u00f3n Nacional de Derechos Humanos (CNDH) a participar en estas acciones.<\/p>\n<p style=\"text-align: justify;\">Aclar\u00f3 que la protecci\u00f3n ser\u00e1 voluntaria \u201cporque no puede ser una intromisi\u00f3n por la fuerza a un proceso electoral. Eso no. Tiene que ser de acuerdo con las autoridades, con los organismos electorales\u201d.<\/p>\n<p style=\"text-align: justify;\">El mandatario pidi\u00f3 a las y los candidatos actuar con firmeza rumbo al ejercicio democr\u00e1tico y reiter\u00f3 su convicci\u00f3n de llevar a cabo elecciones limpias y libres.<\/p>\n<p style=\"text-align: justify;\">La secretaria de Seguridad y Protecci\u00f3n Ciudadana, Rosa Icela Rodr\u00edguez, detall\u00f3 que la Estrategia de Protecci\u00f3n en Contexto Electoral tiene el prop\u00f3sito de prevenir y sancionar la violencia pol\u00edtica y proteger a candidatos amenazados por el crimen organizado.<\/p>\n<p style=\"text-align: justify;\">El plan, dijo, consiste en un llamado a los partidos pol\u00edticos y autoridades electorales para que los candidatos cumplan con los requisitos de ley y el establecimiento de mesas de trabajo entre las secretar\u00edas de Gobernaci\u00f3n y de Seguridad y Protecci\u00f3n Ciudadana, partidos pol\u00edticos, as\u00ed como fiscal\u00edas y autoridades locales a fin de compartir alertas que permitan prevenir y atender casos de registro de candidatos que tengan v\u00ednculos con la delincuencia organizada o de cuello blanco.<\/p>\n<p style=\"text-align: justify;\">Adem\u00e1s, se consulta a los gobernadores la aplicaci\u00f3n de la estrategia en sus entidades con \u00e9nfasis en las medidas de protecci\u00f3n a personas candidatas amenazadas.<\/p>\n<p style=\"text-align: justify;\">Destac\u00f3 que se reforzar\u00e1 la estrategia de seguridad en las entidades y municipios de alto riesgo.<\/p>\n<p style=\"text-align: justify;\">Se brindar\u00e1 atenci\u00f3n y protecci\u00f3n a candidatos amenazados por el crimen organizado con previa apertura de carpetas y determinaci\u00f3n de niveles de riesgo.<\/p>\n<p style=\"text-align: justify;\">\u201cEs conveniente evaluar el avance semanal de esta estrategia y presentar un informe en el Gabinete e ir haciendo la evaluaci\u00f3n de en d\u00f3nde se necesita m\u00e1s apoyo, por eso hemos acordado tener reuniones peri\u00f3dicas en la mesa de estrategia y en la que participar\u00e1n todas las instituciones que est\u00e1n colaborando en la elaboraci\u00f3n con acuerdos espec\u00edficos\u201d, enfatiz\u00f3.<\/p>\n<p style=\"text-align: justify;\">Inform\u00f3 que entre febrero de 2020 a febrero de 2021 se han registrado 73 delitos relacionados con acontecimientos pol\u00edticos en los que 64 personas fueron v\u00edctimas de homicidio.<\/p>\n<p style=\"text-align: justify;\">\u201cA m\u00e1s de tres meses de la jornada estamos trabajando para frenar el incremento de estos delitos porque las organizaciones criminales buscan fortalecer su operaci\u00f3n mediante la intimidaci\u00f3n y el aumento de su influencia pol\u00edtica\u201d, explic\u00f3.<\/p>\n<p style=\"text-align: justify;\">Los delitos relacionados con la violencia pol\u00edtica se han presentado en siete entidades federativas: Oaxaca, Guanajuato, Veracruz, Guerrero, Morelos, Baja California y Jalisco.<\/p>\n<p style=\"text-align: justify;\">\u201cEn los estados de Morelos, Guerrero, Michoac\u00e1n, Oaxaca, Veracruz, Sinaloa y Jalisco vemos m\u00e1s riesgo de que los aspirantes y candidatos tengan cooptaci\u00f3n por parte de la delincuencia\u201d, precis\u00f3.<\/p>\n<p style=\"text-align: justify;\">Record\u00f3 que el 6 de junio se elegir\u00e1n m\u00e1s de 21 mil cargos: 500 diputaciones federales, 15 gubernaturas, m\u00e1s de mil 900 presidencias municipales, mil 63 cargos en congresos locales y m\u00e1s de 17 mil regidur\u00edas, sindicaturas y concejales.<\/p>\n<p style=\"text-align: justify;\">En este esfuerzo de defensa de la democracia colaboran la Secretar\u00eda de Gobernaci\u00f3n, la Consejer\u00eda Jur\u00eddica, la Unidad de Inteligencia Financiera y el Centro Nacional de Inteligencia.<\/p>\n<p style=\"text-align: justify;\">\u201cSe hered\u00f3 el partido de la delincuencia organizada y no permitiremos que ellos decidan o amenacen. Haremos todo lo necesario para proteger a los aspirantes en este proceso electoral para que quien decida sea el pueblo, sea la ciudadan\u00eda\u201d, subray\u00f3 la secretaria.<\/p>\n","protected":false},"excerpt":{"rendered":"<p>CIUDAD DE M\u00c9XICO. * 4 de marzo de 2021. ] Gobierno de M\u00e9xico. El presidente Andr\u00e9s Manuel L\u00f3pez Obrador encabez\u00f3 la presentaci\u00f3n de un plan de protecci\u00f3n a candidatas y candidatos a cargos de elecci\u00f3n popular con el objetivo de evitar amenazas, agresiones o intimidaciones antes y durante las elecciones que se llevar\u00e1n a cabo&#8230;<\/p>\n","protected":false},"author":2,"featured_media":1222183,"comment_status":"closed","ping_status":"closed","sticky":false,"template":"","format":"standard","meta":{"footnotes":""},"categories":[1969],"tags":[3896,6170,9310],"class_list":["post-1222182","post","type-post","status-publish","format-standard","has-post-thumbnail","hentry","category-trending","tag-andres-manuel-lopez-obrador","tag-comision-nacional-de-derechos-humanos-cndh","tag-gobierno-de-mexico"],"_links":{"self":[{"href":"https:\/\/www.acapulcopress.com\/index.php\/wp-json\/wp\/v2\/posts\/1222182","targetHints":{"allow":["GET"]}}],"collection":[{"href":"https:\/\/www.acapulcopress.com\/index.php\/wp-json\/wp\/v2\/posts"}],"about":[{"href":"https:\/\/www.acapulcopress.com\/index.php\/wp-json\/wp\/v2\/types\/post"}],"author":[{"embeddable":true,"href":"https:\/\/www.acapulcopress.com\/index.php\/wp-json\/wp\/v2\/users\/2"}],"replies":[{"embeddable":true,"href":"https:\/\/www.acapulcopress.com\/index.php\/wp-json\/wp\/v2\/comments?post=1222182"}],"version-history":[{"count":0,"href":"https:\/\/www.acapulcopress.com\/index.php\/wp-json\/wp\/v2\/posts\/1222182\/revisions"}],"wp:featuredmedia":[{"embeddable":true,"href":"https:\/\/www.acapulcopress.com\/index.php\/wp-json\/"}],"wp:attachment":[{"href":"https:\/\/www.acapulcopress.com\/index.php\/wp-json\/wp\/v2\/media?parent=1222182"}],"wp:term":[{"taxonomy":"category","embeddable":true,"href":"https:\/\/www.acapulcopress.com\/index.php\/wp-json\/wp\/v2\/categories?post=1222182"},{"taxonomy":"post_tag","embeddable":true,"href":"https:\/\/www.acapulcopress.com\/index.php\/wp-json\/wp\/v2\/tags?post=1222182"}],"curies":[{"name":"wp","href":"https:\/\/api.w.org\/{rel}","templated":true}]}}