{"id":1222191,"date":"2021-03-05T18:07:05","date_gmt":"2021-03-06T00:07:05","guid":{"rendered":"https:\/\/www.acapulcopress.com\/?p=1222191"},"modified":"2021-03-05T18:07:05","modified_gmt":"2021-03-06T00:07:05","slug":"reta-eltigre-que-le-suelten-a-cualquiera-tiene-confianza-en-ganar-acapulco-aseguravictor-aguirre","status":"publish","type":"post","link":"https:\/\/www.acapulcopress.com\/index.php\/2021\/03\/05\/reta-eltigre-que-le-suelten-a-cualquiera-tiene-confianza-en-ganar-acapulco-aseguravictor-aguirre\/","title":{"rendered":"Reta #ElTigre que le &#8216;suelten a cualquiera&#8217;; tiene confianza en ganar Acapulco, asegura V\u00edctor Aguirre"},"content":{"rendered":"<p style=\"text-align: justify;\"><img loading=\"lazy\" decoding=\"async\" class=\"alignnone wp-image-1222209 size-large\" src=\"https:\/\/www.acapulco.press\/wp-content\/uploads\/2021\/03\/VICTOR4-840x560.jpg\" alt=\"\" width=\"840\" height=\"560\" \/><\/p>\n<p>\u00bb \u00c1ngel <strong>Blanco<\/strong>.<br \/>\nACAPULCO. * 5 de marzo de 2021.<br \/>\n<em>]\u00a0 Acapulco Press.<\/em><\/p>\n<p style=\"text-align: justify;\">V\u00edctor \u00abEl Tigre\u00bb Aguirre Alcaide se mostr\u00f3 sereno y seguro durante el encuentro con estructuras y liderazgos de su <img loading=\"lazy\" decoding=\"async\" class=\"alignleft size-medium wp-image-1222212\" src=\"https:\/\/www.acapulco.press\/wp-content\/uploads\/2021\/03\/VICTOR-375x250.jpg\" alt=\"\" width=\"375\" height=\"250\" \/>partido que respaldan su proyecto camino a la Presidencia de Acapulco. \u00ab\u00a1Que me suelten a cualquiera!\u00bb, dijo animoso y seguro de su experiencia pol\u00edtica y las propuestas que ha venido plasmando a la ciudadan\u00eda, de la cual ha obtenido respuestas positivas que indican y posicionan al virtual candidato de la coalici\u00f3n PRI\/PRD como triunfador de la elecci\u00f3n a celebrarse el pr\u00f3ximo 6 de junio.<\/p>\n<p style=\"text-align: justify;\">Aguirre Alcaide, manifest\u00f3, sin temor a equivocarse, que el PRD es \u00abpadre de la actual expresi\u00f3n pol\u00edtica que gobierna en Acapulco\u00bb, por ello asegur\u00f3 que Acapulco tiene futuro pero requiere\u00a0de una clase pol\u00edtica que no se preste a <img loading=\"lazy\" decoding=\"async\" class=\"alignleft size-medium wp-image-1222208\" src=\"https:\/\/www.acapulco.press\/wp-content\/uploads\/2021\/03\/VICTOR3-375x250.jpg\" alt=\"\" width=\"375\" height=\"250\" \/>experimentos para atender la problem\u00e1ticas de los acapulque\u00f1os, y ese es, precisamente el proyecto que representa para ponerlo en pr\u00e1ctica cuando implemente el <em>#GobienoDeLaGente<\/em> pr\u00f3ximamente.<\/p>\n<p style=\"text-align: justify;\">Durante el encuentro con estructuras perredistas y sociedad, en general, en la cancha de la colonia Emiliano Zapata, V\u00edctor Aguirre estuvo acompa\u00f1ado del diputado Alberto Catal\u00e1n Bastida, secretario general del Partido de la Revoluci\u00f3n Democr\u00e1tica en Guerrero, as\u00ed como representantes del ex precandidato del PRD a la gubernatura de Guerrero,\u00a0 Jes\u00fas Evodio Vel\u00e1zquez Aguirre, as\u00ed como del presidente del PRD en Acapulco, Bulmaro Cabrera Lagunas, los precandidatos a diputados locales, Rogelio Hern\u00e1ndez, Francisco Rodr\u00edguez y Navor Garc\u00eda, adem\u00e1s de los l\u00edderes transportistas Mateo Torres, Omar Reyes, Federico Morales, el ex diputado Perfecto Mart\u00ednez, el diputado federal, Raymundo Garc\u00eda Guti\u00e9rrez, as\u00ed como\u00a0los regidores de Acapulco Gereli Astudillo Ibarrondo y Federico Domingo Garc\u00eda, como integrantes del Grupo ACA y Expresi\u00f3n Democr\u00e1tica y otras personalidades del PRD en Guerrero y Acapulco.<\/p>\n<p><img loading=\"lazy\" decoding=\"async\" class=\"alignnone wp-image-1222211 size-large\" src=\"https:\/\/www.acapulco.press\/wp-content\/uploads\/2021\/03\/VICTOR6-840x561.jpg\" alt=\"\" width=\"840\" height=\"561\" \/><\/p>\n<p><img loading=\"lazy\" decoding=\"async\" class=\"alignnone wp-image-1222207 size-large\" src=\"https:\/\/www.acapulco.press\/wp-content\/uploads\/2021\/03\/VICTOR2-840x561.jpg\" alt=\"\" width=\"840\" height=\"561\" \/><\/p>\n<p><img loading=\"lazy\" decoding=\"async\" class=\"alignnone wp-image-1222214 size-large\" src=\"https:\/\/www.acapulco.press\/wp-content\/uploads\/2021\/03\/VICTOR-ANDALON-840x560.jpg\" alt=\"\" width=\"840\" height=\"560\" \/><br \/>\nwww.<strong>acapulcopress<\/strong>.com<\/p>\n","protected":false},"excerpt":{"rendered":"<p>\u00bb \u00c1ngel Blanco. ACAPULCO. * 5 de marzo de 2021. ]\u00a0 Acapulco Press. V\u00edctor \u00abEl Tigre\u00bb Aguirre Alcaide se mostr\u00f3 sereno y seguro durante el encuentro con estructuras y liderazgos de su partido que respaldan su proyecto camino a la Presidencia de Acapulco. \u00ab\u00a1Que me suelten a cualquiera!\u00bb, dijo animoso y seguro de su experiencia&#8230;<\/p>\n","protected":false},"author":2,"featured_media":1222210,"comment_status":"closed","ping_status":"closed","sticky":false,"template":"","format":"standard","meta":{"footnotes":""},"categories":[2024,2053,1972,18561],"tags":[2722,17841],"class_list":["post-1222191","post","type-post","status-publish","format-standard","has-post-thumbnail","hentry","category-politica-activism","category-elecciones-special","category-special","category-society-politics","tag-gobienodelagente","tag-victor-el-tigre-aguirre-alcaide"],"_links":{"self":[{"href":"https:\/\/www.acapulcopress.com\/index.php\/wp-json\/wp\/v2\/posts\/1222191","targetHints":{"allow":["GET"]}}],"collection":[{"href":"https:\/\/www.acapulcopress.com\/index.php\/wp-json\/wp\/v2\/posts"}],"about":[{"href":"https:\/\/www.acapulcopress.com\/index.php\/wp-json\/wp\/v2\/types\/post"}],"author":[{"embeddable":true,"href":"https:\/\/www.acapulcopress.com\/index.php\/wp-json\/wp\/v2\/users\/2"}],"replies":[{"embeddable":true,"href":"https:\/\/www.acapulcopress.com\/index.php\/wp-json\/wp\/v2\/comments?post=1222191"}],"version-history":[{"count":0,"href":"https:\/\/www.acapulcopress.com\/index.php\/wp-json\/wp\/v2\/posts\/1222191\/revisions"}],"wp:featuredmedia":[{"embeddable":true,"href":"https:\/\/www.acapulcopress.com\/index.php\/wp-json\/"}],"wp:attachment":[{"href":"https:\/\/www.acapulcopress.com\/index.php\/wp-json\/wp\/v2\/media?parent=1222191"}],"wp:term":[{"taxonomy":"category","embeddable":true,"href":"https:\/\/www.acapulcopress.com\/index.php\/wp-json\/wp\/v2\/categories?post=1222191"},{"taxonomy":"post_tag","embeddable":true,"href":"https:\/\/www.acapulcopress.com\/index.php\/wp-json\/wp\/v2\/tags?post=1222191"}],"curies":[{"name":"wp","href":"https:\/\/api.w.org\/{rel}","templated":true}]}}