{"id":1222244,"date":"2021-03-05T22:43:30","date_gmt":"2021-03-06T04:43:30","guid":{"rendered":"https:\/\/www.acapulcopress.com\/?p=1222244"},"modified":"2021-03-05T22:43:30","modified_gmt":"2021-03-06T04:43:30","slug":"quien-ejerce-violencia-politica-contra-las-mujeres-no-puede-ser-candidato-consejera-de-ine","status":"publish","type":"post","link":"https:\/\/www.acapulcopress.com\/index.php\/2021\/03\/05\/quien-ejerce-violencia-politica-contra-las-mujeres-no-puede-ser-candidato-consejera-de-ine\/","title":{"rendered":"Quien ejerce violencia pol\u00edtica contra las mujeres no puede ser candidato: Consejera de INE"},"content":{"rendered":"<p style=\"text-align: justify;\">CIUDAD DE M\u00c9XICO. * 5 de marzo de 2021.<br \/>\n<em>] INE.<\/em><\/p>\n<p style=\"text-align: justify;\">El proceso electoral en curso cuenta con las herramientas necesarias para que se niegue la candidatura a cualquier persona que ejerza violencia pol\u00edtica en raz\u00f3n de g\u00e9nero, asegur\u00f3 la Consejera del Instituto Nacional Electoral, Carla Humphrey.<\/p>\n<p style=\"text-align: justify;\">\u201cUna persona que violenta pol\u00edticamente a las mujeres no cumple con un modo honesto de vida y, por tanto, no se puede registrar a un cargo de elecci\u00f3n popular y es obligaci\u00f3n de las autoridades administrativas, que son las que en primera instancia resuelven sobre postulaciones de los partidos pol\u00edticos, acatarlas\u201d, sentenci\u00f3.<\/p>\n<p style=\"text-align: justify;\">Durante su participaci\u00f3n en la Sexta Sesi\u00f3n del Seminario Permanente \u201cDemocracia y elecciones en el mundo\u201d explic\u00f3 que actualmente se cuenta con las garant\u00edas para que los partidos tampoco postulen a personas que tengan sentencias por violencia familiar, delitos sexuales o que sean deudoras alimentarias morosas.<\/p>\n<p style=\"text-align: justify;\">Ello, dijo, a partir del formato que deben presentar los aspirantes a una candidatura conocido como la 3 de 3, ya que si bien no pudo establecerse como un requisito, s\u00ed es un formato de buena fe y bajo protesta de decir verdad que, de no cumplirse o mentir, impacta en el incumplimiento del modo honesto de vivir que se necesita para el registro a un cargo de elecci\u00f3n popular.<\/p>\n<p style=\"text-align: justify;\">\u201cEstamos avanzando, pero tenemos casos l\u00edmites muy medi\u00e1ticos en M\u00e9xico, muy desafortunados y una forma de violentar a las mujeres es no darles acceso a justicia pronta y expedita. No hay sentencias porque hay carpetas congeladas en las fiscal\u00edas, porque se alargan juicios\u201d, indic\u00f3.<\/p>\n<p style=\"text-align: justify;\">Ante este panorama estim\u00f3 que resulta necesario redise\u00f1ar esta declaraci\u00f3n 3 de 3 y, sobre todo, hacer eco de los se\u00f1alamientos por parte de organismos internacionales de que en M\u00e9xico las mujeres violentadas sexualmente no reciben atenci\u00f3n, ni justicia pronta y expedita.<\/p>\n<p style=\"text-align: justify;\">Consider\u00f3 fundamental y necesario que el Estado mexicano haga \u00e9nfasis en la violencia que sufren las mujeres en nuestro pa\u00eds y de la cual la violencia pol\u00edtica es s\u00f3lo una parte.<\/p>\n<p style=\"text-align: justify;\">La Consejera Carla Humphrey expuso las acciones que desde el INE se han desarrollado para garantizar que las reformas en materia de paridad y violencia pol\u00edtica de g\u00e9nero sean efectivamente aplicadas.<\/p>\n<p style=\"text-align: justify;\">Entre ellas destac\u00f3 la creaci\u00f3n del Registro Nacional de Personas Sancionadas en Materia de Violencia Pol\u00edtica contra la Mujeres en Raz\u00f3n de G\u00e9nero que desde su creaci\u00f3n, en septiembre del 2020 a la fecha, cuenta con 21 personas inscritas, 17 hombres y cuatro mujeres.<\/p>\n<p style=\"text-align: justify;\">Violencia pol\u00edtica ha estado presente desde que las mujeres adquirieron el derecho al voto<\/p>\n<p style=\"text-align: justify;\">Leticia Bonifaz, experta independiente del Comit\u00e9 de la Convenci\u00f3n sobre la Eliminaci\u00f3n de todas las Formas de Discriminaci\u00f3n contra la Mujer (CEDAW), evidenci\u00f3 que la violencia pol\u00edtica en contra de las mujeres existe desde el momento en que surgieron las primeras sufragistas que exig\u00edan el derecho al voto que a pesar de que se logr\u00f3, a\u00fan en nuestros d\u00edas sigue sin traducirse en las mismas condiciones para ambos g\u00e9neros.<\/p>\n<p style=\"text-align: justify;\">Por lo que si bien reconoci\u00f3 los avances alcanzados en M\u00e9xico para garantizar la participaci\u00f3n de las mujeres en el \u00e1mbito pol\u00edtico, el avance depender\u00e1 de una verdadera concientizaci\u00f3n y, sobre todo, cuando exista claridad de \u201cpor qu\u00e9 sigue existiendo un techo de cristal, un piso pegajoso para las mujeres\u201d.<\/p>\n<p style=\"text-align: justify;\">Katia Uriona, consultora internacional, habl\u00f3 sobre la experiencia de Bolivia donde, a pesar de haber logrado ya dos legislaturas paritarias, se mantienen muchas resistencias que se expresan en diversos comportamientos para limitar la participaci\u00f3n de las mujeres.<\/p>\n<p style=\"text-align: justify;\">Por ello, agreg\u00f3, la violencia pol\u00edtica tiene un impacto mayor ya que no s\u00f3lo afecta a la mujer contra la que se ejerce, sino que tambi\u00e9n es un mensaje para todas aquellas que buscan ingresar a la vida pol\u00edtica haci\u00e9ndole saber que el costo de participar es demasiado alto al punto de desincentivarla.<\/p>\n<p style=\"text-align: justify;\">Por su parte Luciana L\u00f3ssio, ex ministra del Tribunal Superior Electoral de Brasil habl\u00f3 de la experiencia de su pa\u00eds para lograr una cuota paritaria en la postulaci\u00f3n de candidaturas, as\u00ed como del trabajo que se desarroll\u00f3 para prevenir la violencia pol\u00edtica contra las mujeres ante la falta de un marco normativo vigente.<\/p>\n<p style=\"text-align: justify;\">En este sentido, estim\u00f3 que Brasil est\u00e1 muy lejos de alcanzar los avances que tiene M\u00e9xico para garantizar la representaci\u00f3n paritaria que hoy se tiene en el Congreso y sobre la defensa de los derechos pol\u00edtico-electorales de las mujeres.<\/p>\n","protected":false},"excerpt":{"rendered":"<p>CIUDAD DE M\u00c9XICO. * 5 de marzo de 2021. ] INE. El proceso electoral en curso cuenta con las herramientas necesarias para que se niegue la candidatura a cualquier persona que ejerza violencia pol\u00edtica en raz\u00f3n de g\u00e9nero, asegur\u00f3 la Consejera del Instituto Nacional Electoral, Carla Humphrey. \u201cUna persona que violenta pol\u00edticamente a las mujeres&#8230;<\/p>\n","protected":false},"author":2,"featured_media":1222245,"comment_status":"closed","ping_status":"closed","sticky":false,"template":"","format":"standard","meta":{"footnotes":""},"categories":[1969],"tags":[5148,10337],"class_list":["post-1222244","post","type-post","status-publish","format-standard","has-post-thumbnail","hentry","category-trending","tag-carla-humphrey","tag-instituto-nacional-electoral-ine"],"_links":{"self":[{"href":"https:\/\/www.acapulcopress.com\/index.php\/wp-json\/wp\/v2\/posts\/1222244","targetHints":{"allow":["GET"]}}],"collection":[{"href":"https:\/\/www.acapulcopress.com\/index.php\/wp-json\/wp\/v2\/posts"}],"about":[{"href":"https:\/\/www.acapulcopress.com\/index.php\/wp-json\/wp\/v2\/types\/post"}],"author":[{"embeddable":true,"href":"https:\/\/www.acapulcopress.com\/index.php\/wp-json\/wp\/v2\/users\/2"}],"replies":[{"embeddable":true,"href":"https:\/\/www.acapulcopress.com\/index.php\/wp-json\/wp\/v2\/comments?post=1222244"}],"version-history":[{"count":0,"href":"https:\/\/www.acapulcopress.com\/index.php\/wp-json\/wp\/v2\/posts\/1222244\/revisions"}],"wp:featuredmedia":[{"embeddable":true,"href":"https:\/\/www.acapulcopress.com\/index.php\/wp-json\/"}],"wp:attachment":[{"href":"https:\/\/www.acapulcopress.com\/index.php\/wp-json\/wp\/v2\/media?parent=1222244"}],"wp:term":[{"taxonomy":"category","embeddable":true,"href":"https:\/\/www.acapulcopress.com\/index.php\/wp-json\/wp\/v2\/categories?post=1222244"},{"taxonomy":"post_tag","embeddable":true,"href":"https:\/\/www.acapulcopress.com\/index.php\/wp-json\/wp\/v2\/tags?post=1222244"}],"curies":[{"name":"wp","href":"https:\/\/api.w.org\/{rel}","templated":true}]}}